{"id":136778,"date":"2021-12-24T10:56:16","date_gmt":"2021-12-24T15:56:16","guid":{"rendered":"https:\/\/linitiative.ca\/International\/burkina-le-nouveau-mediateur-du-faso-recu-par-le-president-du-faso\/"},"modified":"2021-12-24T10:56:16","modified_gmt":"2021-12-24T15:56:16","slug":"burkina-le-nouveau-mediateur-du-faso-recu-par-le-president-du-faso","status":"publish","type":"post","link":"https:\/\/linitiative.ca\/International\/burkina-le-nouveau-mediateur-du-faso-recu-par-le-president-du-faso\/","title":{"rendered":"Burkina : Le nouveau M\u00e9diateur du Faso re\u00e7u par le pr\u00e9sident du\u00a0 Faso."},"content":{"rendered":"<div>\n<p><strong>Ce vendredi 24 d\u00e9cembre 2021, le pr\u00e9sident Roch Kabor\u00e9 a re\u00e7u en audience le nouveau M\u00e9diateur du Faso, Fatimata Sanou\/Tour\u00e9.<\/strong><\/p>\n<p>Cette rencontre, premi\u00e8re du genre depuis son installation dans ses fonctions le 16 d\u00e9cembre dernier, intervient apr\u00e8s sa nomination \u00e0 ce poste le 29 novembre 2021, en remplacement de Saran S\u00e9r\u00e9m\u00e9. Mme Sanou compte faire (remonter la r\u00e9putation de l\u2019 Institution). A cet effet, elle a demand\u00e9 l\u2019 accompagnement du Pr\u00e9sident Kabor\u00e9 afin de r\u00e9ussir les missions \u00e0 elle assign\u00e9es. \u00ab Nous allons nous atteler d\u00e8s \u00e0 pr\u00e9sent \u00e0 faire mieux conna\u00eetre l\u2019Institution, \u00e0 expliquer les missions assign\u00e9es au m\u00e9diateur du Faso et cela contribuera \u00e0 d\u00e9crisper le climat social \u00bb, foi de Mme Sanou.<\/p>\n<p>AB<\/p>\n<p>\u00a0<\/p>\n<p>L\u2019article <a rel=\"nofollow\" href=\"https:\/\/www.sidwaya.info\/blog\/2021\/12\/24\/burkina-le-nouveau-mediateur-du-faso-recu-par-le-president-du-faso\/\">Burkina : Le nouveau M\u00e9diateur du Faso re\u00e7u par le pr\u00e9sident du\u00a0 Faso.<\/a> est apparu en premier sur <a rel=\"nofollow\" href=\"https:\/\/www.sidwaya.info\/\">Quotidien Sidwaya<\/a>.<\/p>\n<\/div>\n<p>Auteur: BANGRE SIDWAYA<br \/>\n<a href=\"https:\/\/www.sidwaya.info\/blog\/2021\/12\/24\/burkina-le-nouveau-mediateur-du-faso-recu-par-le-president-du-faso\/\">Cliquez ici pour lire l&rsquo;article depuis sa source.<\/a><\/p>\n","protected":false},"excerpt":{"rendered":"<p>Ce vendredi 24 d\u00e9cembre 2021, le pr\u00e9sident Roch Kabor\u00e9 a re\u00e7u en audience le nouveau M\u00e9diateur du Faso, Fatimata Sanou\/Tour\u00e9. Cette rencontre, premi\u00e8re du genre depuis son installation dans ses fonctions le 16 d\u00e9cembre dernier, intervient apr\u00e8s sa nomination \u00e0 ce poste le 29 novembre 2021, en remplacement de Saran S\u00e9r\u00e9m\u00e9. Mme Sanou compte faire [&hellip;]<\/p>\n","protected":false},"author":1816,"featured_media":0,"comment_status":"closed","ping_status":"closed","sticky":false,"template":"","format":"standard","meta":{"fifu_image_url":"","fifu_image_alt":"","footnotes":""},"categories":[73,81],"tags":[],"class_list":["post-136778","post","type-post","status-publish","format-standard","hentry","category-actualite","category-burkina-faso"],"_links":{"self":[{"href":"https:\/\/linitiative.ca\/International\/wp-json\/wp\/v2\/posts\/136778","targetHints":{"allow":["GET"]}}],"collection":[{"href":"https:\/\/linitiative.ca\/International\/wp-json\/wp\/v2\/posts"}],"about":[{"href":"https:\/\/linitiative.ca\/International\/wp-json\/wp\/v2\/types\/post"}],"author":[{"embeddable":true,"href":"https:\/\/linitiative.ca\/International\/wp-json\/wp\/v2\/users\/1816"}],"replies":[{"embeddable":true,"href":"https:\/\/linitiative.ca\/International\/wp-json\/wp\/v2\/comments?post=136778"}],"version-history":[{"count":0,"href":"https:\/\/linitiative.ca\/International\/wp-json\/wp\/v2\/posts\/136778\/revisions"}],"wp:attachment":[{"href":"https:\/\/linitiative.ca\/International\/wp-json\/wp\/v2\/media?parent=136778"}],"wp:term":[{"taxonomy":"category","embeddable":true,"href":"https:\/\/linitiative.ca\/International\/wp-json\/wp\/v2\/categories?post=136778"},{"taxonomy":"post_tag","embeddable":true,"href":"https:\/\/linitiative.ca\/International\/wp-json\/wp\/v2\/tags?post=136778"}],"curies":[{"name":"wp","href":"https:\/\/api.w.org\/{rel}","templated":true}]}}