{"id":136787,"date":"2021-12-24T15:18:02","date_gmt":"2021-12-24T20:18:02","guid":{"rendered":"https:\/\/linitiative.ca\/International\/comores-la-vaccination-anti-covid-rendue-obligatoire\/"},"modified":"2021-12-24T15:18:02","modified_gmt":"2021-12-24T20:18:02","slug":"comores-la-vaccination-anti-covid-rendue-obligatoire","status":"publish","type":"post","link":"https:\/\/linitiative.ca\/International\/comores-la-vaccination-anti-covid-rendue-obligatoire\/","title":{"rendered":"Comores : la vaccination anti-covid rendue obligatoire"},"content":{"rendered":"<div>\n<p><img decoding=\"async\" width=\"858\" height=\"431\" src=\"https:\/\/linitiative.ca\/International\/wp-content\/uploads\/sites\/23\/2021\/12\/16403770836460.jpg\" class=\"attachment-post-thumbnail size-post-thumbnail wp-post-image\" alt=\"\" loading=\"lazy\" srcset=\"https:\/\/linitiative.ca\/International\/wp-content\/uploads\/sites\/23\/2021\/12\/16403770836460.jpg 858w, https:\/\/www.journalducameroun.com\/wp-content\/uploads\/2021\/12\/16403770836460-300x151.jpg 300w, https:\/\/www.journalducameroun.com\/wp-content\/uploads\/2021\/12\/16403770836460-768x386.jpg 768w, https:\/\/www.journalducameroun.com\/wp-content\/uploads\/2021\/12\/16403770836460-600x301.jpg 600w\" sizes=\"auto, (max-width: 858px) 100vw, 858px\"><\/p>\n<p>Face \u00e0 la flamb\u00e9e des cas de coronavirus, le pr\u00e9sident comorien Azali Assoumani a sign\u00e9 un d\u00e9cret rendant obligatoire la vaccination dans l&rsquo;archipel.Aux Iles Comores, la vaccination contre la Covid-19 est rendue obligatoire par un d\u00e9cret pr\u00e9sidentiel publi\u00e9 le mercredi 22 d\u00e9cembre 2021 et entr\u00e9 en vigueur le lendemain. A travers cette d\u00e9cision forte, le pr\u00e9sident comorien veut atteindre le taux de 60% de vaccination compl\u00e8te dans l&rsquo;archipel qui compte un million d&rsquo;habitants.<\/p>\n<p>Pour faire respecter la mesure, la gendarmerie est mise \u00e0 contribution. Des contr\u00f4les sont op\u00e9r\u00e9s dans les v\u00e9hicules et les lieux publics pour forcer les Comoriens non encore vaccin\u00e9s \u00e0 prendre leur dose. Les r\u00e9calcitrants \u00e9taient directement conduits \u00e0 la gendarmerie transform\u00e9e pour l&rsquo;occasion en centre de vaccination.<\/p>\n<p>Pour joindre l&rsquo;acte \u00e0 la parole, le gouvernement a donn\u00e9 des cong\u00e9s pay\u00e9s de cinq jours \u00e0 l&rsquo;administration afin de permettre aux fonctionnaires du publics de se vacciner.<\/p>\n<p>Cet article <a rel=\"nofollow\" href=\"https:\/\/www.journalducameroun.com\/comores-la-vaccination-anti-covid-rendue-obligatoire\/\">Comores : la vaccination anti-covid rendue obligatoire<\/a> est apparu en premier sur <a rel=\"nofollow\" href=\"https:\/\/www.journalducameroun.com\/\">Journal du Cameroun<\/a>.<\/p>\n<\/div>\n<p>Auteur: APA News<br \/>\n<a href=\"https:\/\/www.journalducameroun.com\/comores-la-vaccination-anti-covid-rendue-obligatoire\/\">Cliquez ici pour lire l&rsquo;article depuis sa source.<\/a><\/p>\n","protected":false},"excerpt":{"rendered":"<p>Face \u00e0 la flamb\u00e9e des cas de coronavirus, le pr\u00e9sident comorien Azali Assoumani a sign\u00e9 un d\u00e9cret rendant obligatoire la vaccination dans l&rsquo;archipel.Aux Iles Comores, la vaccination contre la Covid-19 est rendue obligatoire par un d\u00e9cret pr\u00e9sidentiel publi\u00e9 le mercredi 22 d\u00e9cembre 2021 et entr\u00e9 en vigueur le lendemain. A travers cette d\u00e9cision forte, le [&hellip;]<\/p>\n","protected":false},"author":1965,"featured_media":0,"comment_status":"closed","ping_status":"closed","sticky":false,"template":"","format":"standard","meta":{"fifu_image_url":"https:\/\/www.journalducameroun.com\/wp-content\/uploads\/2021\/12\/16403770836460.jpg","fifu_image_alt":"Comores : la vaccination anti-covid rendue obligatoire","footnotes":""},"categories":[73,82],"tags":[],"class_list":["post-136787","post","type-post","status-publish","format-standard","hentry","category-actualite","category-cameroun"],"_links":{"self":[{"href":"https:\/\/linitiative.ca\/International\/wp-json\/wp\/v2\/posts\/136787","targetHints":{"allow":["GET"]}}],"collection":[{"href":"https:\/\/linitiative.ca\/International\/wp-json\/wp\/v2\/posts"}],"about":[{"href":"https:\/\/linitiative.ca\/International\/wp-json\/wp\/v2\/types\/post"}],"author":[{"embeddable":true,"href":"https:\/\/linitiative.ca\/International\/wp-json\/wp\/v2\/users\/1965"}],"replies":[{"embeddable":true,"href":"https:\/\/linitiative.ca\/International\/wp-json\/wp\/v2\/comments?post=136787"}],"version-history":[{"count":0,"href":"https:\/\/linitiative.ca\/International\/wp-json\/wp\/v2\/posts\/136787\/revisions"}],"wp:attachment":[{"href":"https:\/\/linitiative.ca\/International\/wp-json\/wp\/v2\/media?parent=136787"}],"wp:term":[{"taxonomy":"category","embeddable":true,"href":"https:\/\/linitiative.ca\/International\/wp-json\/wp\/v2\/categories?post=136787"},{"taxonomy":"post_tag","embeddable":true,"href":"https:\/\/linitiative.ca\/International\/wp-json\/wp\/v2\/tags?post=136787"}],"curies":[{"name":"wp","href":"https:\/\/api.w.org\/{rel}","templated":true}]}}