{"id":136814,"date":"2021-12-24T17:41:08","date_gmt":"2021-12-24T22:41:08","guid":{"rendered":"https:\/\/linitiative.ca\/International\/ain-beni-mathar-loffre-de-la-formation-professionnelle-se-renforce\/"},"modified":"2021-12-24T17:41:08","modified_gmt":"2021-12-24T22:41:08","slug":"ain-beni-mathar-loffre-de-la-formation-professionnelle-se-renforce","status":"publish","type":"post","link":"https:\/\/linitiative.ca\/International\/ain-beni-mathar-loffre-de-la-formation-professionnelle-se-renforce\/","title":{"rendered":"A\u00efn Beni Mathar: l\u2019offre de la formation professionnelle se renforce"},"content":{"rendered":"<div>\n<div style=\"margin-bottom:20px;\"><img loading=\"lazy\" decoding=\"async\" width=\"750\" height=\"430\" src=\"https:\/\/linitiative.ca\/International\/wp-content\/uploads\/sites\/23\/2021\/12\/Moment-de-coupure-du-ruban-750C397430-MAP.jpg\" class=\"attachment-post-thumbnail size-post-thumbnail wp-post-image\" alt=\"\" srcset=\"https:\/\/linitiative.ca\/International\/wp-content\/uploads\/sites\/23\/2021\/12\/Moment-de-coupure-du-ruban-750C397430-MAP.jpg 750w, https:\/\/www.mapoujda.ma\/map\/uploads\/2021\/11\/Moment-de-coupure-du-ruban-750\u00d7430-MAP-300x172.jpg 300w\" sizes=\"auto, (max-width: 750px) 100vw, 750px\"><\/div>\n<div>\n<p style=\"text-align: justify;\">L\u2019offre de formation au niveau de la r\u00e9gion de l\u2019Oriental vient d\u2019\u00eatre renforc\u00e9e avec l\u2019inauguration, vendredi \u00e0 la commune d\u2019A\u00efn Beni Mathar (Province de Jerada), d\u2019un Institut sp\u00e9cialis\u00e9 de technologie appliqu\u00e9e (ISTA), dont la r\u00e9alisation a n\u00e9cessit\u00e9 une enveloppe budg\u00e9taire de 40,43 millions de Dh.<\/p>\n<p style=\"text-align: justify;\">La c\u00e9r\u00e9monie de d\u00e9marrage officiel de la formation dans cet institut s\u2019est d\u00e9roul\u00e9e en pr\u00e9sence de la directrice g\u00e9n\u00e9rale de l\u2019Office de la formation professionnelle et de la promotion du travail (OFPPT), Loubna Tricha, du gouverneur de la province de Jerada, Mabrouk Tabet, ainsi que de plusieurs \u00e9lus et acteurs de la soci\u00e9t\u00e9 civile.<\/p>\n<p style=\"text-align: justify;\">S\u2019\u00e9talant sur une superficie de 13.700 m\u00b2, dont 5.054 m\u00b2 couverts, l\u2019ISTA d\u2019A\u00efn Beni Mathar dispose d\u2019espaces p\u00e9dagogiques et d\u2019\u00e9quipements pour un apprentissage de qualit\u00e9, visant \u00e0 r\u00e9pondre aux attentes des jeunes stagiaires. L\u2019Institut compte ainsi 4 salles de cours et 8 ateliers p\u00e9dagogiques.<\/p>\n<p style=\"text-align: justify;\">Dans une d\u00e9claration \u00e0 la presse \u00e0 cette occasion, Mme Tricha a indiqu\u00e9 que la r\u00e9alisation de cet ISTA s\u2019inscrit dans le cadre de la mise en \u0153uvre de la convention de partenariat portant sur la r\u00e9habilitation de la commune d\u2019A\u00efn Beni Mathar (2015-2018), ainsi que de l\u2019accord-cadre de partenariat pour le d\u00e9veloppement de la province de Jerada (2018-2022).<\/p>\n<p style=\"text-align: justify;\">Elle a fait savoir que ce nouvel institut offre une capacit\u00e9 de 720 places p\u00e9dagogiques ouverte sur 9 fili\u00e8res, couvrant 4 niveaux de formation (technicien sp\u00e9cialis\u00e9, technicien, sp\u00e9cialisation et qualification), ajoutant que cet \u00e9tablissement assure une offre de formation dipl\u00f4mante dans les m\u00e9tiers de l\u2019\u00e9lectricit\u00e9 industrielle et du b\u00e2timent, la menuiserie aluminium, la plomberie sanitaire, la soudure multi-proc\u00e9d\u00e9s, la coupe et couture, en plus de la gestion des entreprises et de l\u2019assistanat administratif.<\/p>\n<p style=\"text-align: justify;\">Dans le souci d\u2019am\u00e9liorer les conditions d\u2019accueil et, en cons\u00e9quence, la performance d\u2019apprentissage des stagiaires, a-t-elle poursuivi, l\u2019Institut abrite une maison des stagiaires d\u2019une capacit\u00e9 de 124 lits avec 34 chambres dont 2 d\u00e9di\u00e9es aux personnes \u00e0 mobilit\u00e9 r\u00e9duite (PMR), en plus de diff\u00e9rents espaces de vie (r\u00e9fectoire, salon, salle de pri\u00e8re et infirmerie).<\/p>\n<p style=\"text-align: justify;\">Pour sa part, le directeur r\u00e9gional de l\u2019OFPPT \u00e0 l\u2019Oriental, Mohamed Azzaoui, a indiqu\u00e9 que cet \u00e9tablissement de formation fait partie des instituts de nouvelle g\u00e9n\u00e9ration, \u00e9tant donn\u00e9 que son architecture r\u00e9pond aux normes n\u00e9cessaires \u00e0 assurer une formation de qualit\u00e9.<\/p>\n<p style=\"text-align: justify;\">Il a soulign\u00e9 qu\u2019en plus des diff\u00e9rentes sp\u00e9cialit\u00e9s couvertes par l\u2019institut, de nouvelles fili\u00e8res seront cr\u00e9\u00e9es dans les domaine de l\u2019industrie et de l\u2019h\u00f4tellerie, le but \u00e9tant de former une main-d\u2019\u0153uvre qualifi\u00e9e capable d\u2019accompagner le d\u00e9veloppement que connait la province de Jerada et la r\u00e9gion de l\u2019Oriental.<\/p>\n<p style=\"text-align: justify;\">La cr\u00e9ation de l\u2019ISTA d\u2019A\u00efn Beni Mathar vient renforcer le partenariat entre l\u2019OFPPT et la r\u00e9gion de l\u2019Oriental pour le d\u00e9veloppement du dispositif de formation professionnelle, \u00e0 travers la cr\u00e9ation de 13 nouveaux \u00e9tablissements pour accompagner les transformations socio-\u00e9conomiques, mieux r\u00e9pondre aux besoins du march\u00e9 de l\u2019emploi r\u00e9gional et assurer une formation de proximit\u00e9.<\/p>\n<p style=\"text-align: justify;\">Le dispositif de formation professionnelle dans la r\u00e9gion de l\u2019Oriental est support\u00e9 par 32 \u00e9tablissements de formation, dont 10 EFP sectoriels, 7 centres de formation en milieu p\u00e9nitentiaire et une unit\u00e9 mobile de formation. La r\u00e9gion compte \u00e9galement 7 internats pour r\u00e9pondre aux besoins en h\u00e9bergement des jeunes et leur offrir un cadre de vie propice \u00e0 la formation.<\/p>\n<p style=\"text-align: justify;\">Par ailleurs, dans le cadre du programme de mise \u00e0 niveau int\u00e9gr\u00e9e du dispositif de formation actuel visant le rehaussement de la qualit\u00e9 de la formation et l\u2019instauration de l\u2019Excellence Op\u00e9rationnelle, l\u2019ann\u00e9e 2021 a \u00e9t\u00e9 marqu\u00e9e par l\u2019am\u00e9nagement g\u00e9n\u00e9ralis\u00e9 de 3 \u00e9tablissements relevant de la r\u00e9gion de l\u2019Oriental et le renouvellement d\u2019\u00e9quipements de 7 \u00e9tablissements.<\/p>\n<p style=\"text-align: justify;\">Ce dispositif offre, au titre de la rentr\u00e9e 2021-2022, une capacit\u00e9 d\u2019accueil de plus de 33.600 places p\u00e9dagogiques, soit 8% de l\u2019offre globale, dans 11 secteurs strat\u00e9giques (Agriculture, H\u00f4tellerie et Tourisme, Tertiaire, Industriel, Digital&amp; IA &amp; Offshoring, BTP\/Mat\u00e9riaux de Construction, Transport et Logistique, Sant\u00e9, Textile Habillement\/Cuir, Gestion &amp;Commerce et Services \u00e0 la personne).<\/p>\n<p style=\"text-align: justify;\">Les formations se d\u00e9clinent ainsi en 105 formations dipl\u00f4mantes, 48 formations qualifiantes, en plus des parcours professionnalisant, avec 10 fili\u00e8res en Bac Pro et 7 pour le parcours coll\u00e9gial.<\/p>\n<p style=\"text-align: justify;\">L\u2019offre de formation de la r\u00e9gion de l\u2019Oriental sera \u00e9galement renforc\u00e9e par la cr\u00e9ation de la Cit\u00e9 des M\u00e9tiers et des Comp\u00e9tences de Nador, garantissant une capacit\u00e9 d\u2019accueil de 2.920 places p\u00e9dagogiques\/an, ouverte sur 9 p\u00f4les m\u00e9tiers et 74 fili\u00e8res de formation.<\/p>\n<\/div>\n<p>L\u2019article <a rel=\"nofollow\" href=\"https:\/\/www.mapoujda.ma\/fr\/ain-beni-mathar-loffre-de-la-formation-professionnelle-se-renforce\/\">A\u00efn Beni Mathar: l\u2019offre de la formation professionnelle se renforce<\/a> est apparu en premier sur <a rel=\"nofollow\" href=\"https:\/\/www.mapoujda.ma\/fr\">MapOujda<\/a>.<\/p>\n<\/div>\n<p>Auteur: Soufiane ELAHMAR<br \/>\n<a href=\"https:\/\/www.mapoujda.ma\/fr\/ain-beni-mathar-loffre-de-la-formation-professionnelle-se-renforce\/\">Cliquez ici pour lire l&rsquo;article depuis sa source.<\/a><\/p>\n","protected":false},"excerpt":{"rendered":"<p>L\u2019offre de formation au niveau de la r\u00e9gion de l\u2019Oriental vient d\u2019\u00eatre renforc\u00e9e avec l\u2019inauguration, vendredi \u00e0 la commune d\u2019A\u00efn Beni Mathar (Province de Jerada), d\u2019un Institut sp\u00e9cialis\u00e9 de technologie appliqu\u00e9e (ISTA), dont la r\u00e9alisation a n\u00e9cessit\u00e9 une enveloppe budg\u00e9taire de 40,43 millions de Dh. La c\u00e9r\u00e9monie de d\u00e9marrage officiel de la formation dans cet [&hellip;]<\/p>\n","protected":false},"author":1788,"featured_media":0,"comment_status":"closed","ping_status":"closed","sticky":false,"template":"","format":"standard","meta":{"fifu_image_url":"https:\/\/www.mapoujda.ma\/map\/uploads\/2021\/11\/Moment-de-coupure-du-ruban-750\u00d7430-MAP.jpg","fifu_image_alt":"A\u00efn Beni Mathar: l\u2019offre de la formation professionnelle se renforce","footnotes":""},"categories":[54,76],"tags":[],"class_list":["post-136814","post","type-post","status-publish","format-standard","hentry","category-maroc","category-regions"],"_links":{"self":[{"href":"https:\/\/linitiative.ca\/International\/wp-json\/wp\/v2\/posts\/136814","targetHints":{"allow":["GET"]}}],"collection":[{"href":"https:\/\/linitiative.ca\/International\/wp-json\/wp\/v2\/posts"}],"about":[{"href":"https:\/\/linitiative.ca\/International\/wp-json\/wp\/v2\/types\/post"}],"author":[{"embeddable":true,"href":"https:\/\/linitiative.ca\/International\/wp-json\/wp\/v2\/users\/1788"}],"replies":[{"embeddable":true,"href":"https:\/\/linitiative.ca\/International\/wp-json\/wp\/v2\/comments?post=136814"}],"version-history":[{"count":0,"href":"https:\/\/linitiative.ca\/International\/wp-json\/wp\/v2\/posts\/136814\/revisions"}],"wp:attachment":[{"href":"https:\/\/linitiative.ca\/International\/wp-json\/wp\/v2\/media?parent=136814"}],"wp:term":[{"taxonomy":"category","embeddable":true,"href":"https:\/\/linitiative.ca\/International\/wp-json\/wp\/v2\/categories?post=136814"},{"taxonomy":"post_tag","embeddable":true,"href":"https:\/\/linitiative.ca\/International\/wp-json\/wp\/v2\/tags?post=136814"}],"curies":[{"name":"wp","href":"https:\/\/api.w.org\/{rel}","templated":true}]}}