{"id":136825,"date":"2021-12-25T03:58:11","date_gmt":"2021-12-25T08:58:11","guid":{"rendered":"https:\/\/linitiative.ca\/International\/tunisair-prend-livraison-de-son-premier-a320neo\/"},"modified":"2021-12-25T03:58:11","modified_gmt":"2021-12-25T08:58:11","slug":"tunisair-prend-livraison-de-son-premier-a320neo","status":"publish","type":"post","link":"https:\/\/linitiative.ca\/International\/tunisair-prend-livraison-de-son-premier-a320neo\/","title":{"rendered":"Tunisair prend livraison de son premier A320neo"},"content":{"rendered":"<div>\n<div class=\"field field-name-body field-type-text-with-summary field-label-hidden\">\n<div class=\"field-items\">\n<div class=\"field-item even\" property=\"content:encoded\">\n<p class=\"rtejustify\">Tunisair, le transporteur national de la Tunisie, a pris livraison de son premier A320neo et devient ainsi un nouvel op\u00e9rateur de ce type d&rsquo;appareil. Ainsi, l&rsquo;avion rejoindra la flotte existante d\u2019avions Airbus de la compagnie et s\u2019inscrit dans la strat\u00e9gie de modernisation de la flotte engag\u00e9e par Tunisair ces derni\u00e8res ann\u00e9es, indique un communiqu\u00e9 d&rsquo;Airbus.<\/p>\n<\/div>\n<\/div>\n<\/div>\n<\/div>\n<p>Auteur: mbasraoui<br \/>\n<a href=\"https:\/\/www.leconomiste.com\/flash-infos\/tunisair-prend-livraison-de-son-premier-a320neo\">Cliquez ici pour lire l&rsquo;article depuis sa source.<\/a><\/p>\n","protected":false},"excerpt":{"rendered":"<p>Tunisair, le transporteur national de la Tunisie, a pris livraison de son premier A320neo et devient ainsi un nouvel op\u00e9rateur de ce type d&rsquo;appareil. Ainsi, l&rsquo;avion rejoindra la flotte existante d\u2019avions Airbus de la compagnie et s\u2019inscrit dans la strat\u00e9gie de modernisation de la flotte engag\u00e9e par Tunisair ces derni\u00e8res ann\u00e9es, indique un communiqu\u00e9 d&rsquo;Airbus. [&hellip;]<\/p>\n","protected":false},"author":1763,"featured_media":0,"comment_status":"closed","ping_status":"closed","sticky":false,"template":"","format":"standard","meta":{"fifu_image_url":"","fifu_image_alt":"","footnotes":""},"categories":[78,54],"tags":[],"class_list":["post-136825","post","type-post","status-publish","format-standard","hentry","category-economie","category-maroc"],"_links":{"self":[{"href":"https:\/\/linitiative.ca\/International\/wp-json\/wp\/v2\/posts\/136825","targetHints":{"allow":["GET"]}}],"collection":[{"href":"https:\/\/linitiative.ca\/International\/wp-json\/wp\/v2\/posts"}],"about":[{"href":"https:\/\/linitiative.ca\/International\/wp-json\/wp\/v2\/types\/post"}],"author":[{"embeddable":true,"href":"https:\/\/linitiative.ca\/International\/wp-json\/wp\/v2\/users\/1763"}],"replies":[{"embeddable":true,"href":"https:\/\/linitiative.ca\/International\/wp-json\/wp\/v2\/comments?post=136825"}],"version-history":[{"count":0,"href":"https:\/\/linitiative.ca\/International\/wp-json\/wp\/v2\/posts\/136825\/revisions"}],"wp:attachment":[{"href":"https:\/\/linitiative.ca\/International\/wp-json\/wp\/v2\/media?parent=136825"}],"wp:term":[{"taxonomy":"category","embeddable":true,"href":"https:\/\/linitiative.ca\/International\/wp-json\/wp\/v2\/categories?post=136825"},{"taxonomy":"post_tag","embeddable":true,"href":"https:\/\/linitiative.ca\/International\/wp-json\/wp\/v2\/tags?post=136825"}],"curies":[{"name":"wp","href":"https:\/\/api.w.org\/{rel}","templated":true}]}}