{"id":136826,"date":"2021-12-25T04:33:37","date_gmt":"2021-12-25T09:33:37","guid":{"rendered":"https:\/\/linitiative.ca\/International\/covid-record-de-contaminations-en-france\/"},"modified":"2021-12-25T04:33:37","modified_gmt":"2021-12-25T09:33:37","slug":"covid-record-de-contaminations-en-france","status":"publish","type":"post","link":"https:\/\/linitiative.ca\/International\/covid-record-de-contaminations-en-france\/","title":{"rendered":"COVID: record de contaminations en France"},"content":{"rendered":"<div>\n<div class=\"field field-name-body field-type-text-with-summary field-label-hidden\">\n<div class=\"field-items\">\n<div class=\"field-item even\" property=\"content:encoded\">\n<p>La France a franchi vendredi soir, la barre des 94.000 nouveaux cas de Covid-19, un nouveau record jamais atteint depuis le d\u00e9but de l&rsquo;\u00e9pid\u00e9mie en mars 2020, selon les chiffres publi\u00e9s par Sant\u00e9 publique France.<\/p>\n<\/div>\n<\/div>\n<\/div>\n<\/div>\n<p>Auteur: mbasraoui<br \/>\n<a href=\"https:\/\/www.leconomiste.com\/flash-infos\/covid-record-de-contaminations-en-france-0\">Cliquez ici pour lire l&rsquo;article depuis sa source.<\/a><\/p>\n","protected":false},"excerpt":{"rendered":"<p>La France a franchi vendredi soir, la barre des 94.000 nouveaux cas de Covid-19, un nouveau record jamais atteint depuis le d\u00e9but de l&rsquo;\u00e9pid\u00e9mie en mars 2020, selon les chiffres publi\u00e9s par Sant\u00e9 publique France. Auteur: mbasraoui Cliquez ici pour lire l&rsquo;article depuis sa source.<\/p>\n","protected":false},"author":1763,"featured_media":0,"comment_status":"closed","ping_status":"closed","sticky":false,"template":"","format":"standard","meta":{"fifu_image_url":"","fifu_image_alt":"","footnotes":""},"categories":[78,54],"tags":[],"class_list":["post-136826","post","type-post","status-publish","format-standard","hentry","category-economie","category-maroc"],"_links":{"self":[{"href":"https:\/\/linitiative.ca\/International\/wp-json\/wp\/v2\/posts\/136826","targetHints":{"allow":["GET"]}}],"collection":[{"href":"https:\/\/linitiative.ca\/International\/wp-json\/wp\/v2\/posts"}],"about":[{"href":"https:\/\/linitiative.ca\/International\/wp-json\/wp\/v2\/types\/post"}],"author":[{"embeddable":true,"href":"https:\/\/linitiative.ca\/International\/wp-json\/wp\/v2\/users\/1763"}],"replies":[{"embeddable":true,"href":"https:\/\/linitiative.ca\/International\/wp-json\/wp\/v2\/comments?post=136826"}],"version-history":[{"count":0,"href":"https:\/\/linitiative.ca\/International\/wp-json\/wp\/v2\/posts\/136826\/revisions"}],"wp:attachment":[{"href":"https:\/\/linitiative.ca\/International\/wp-json\/wp\/v2\/media?parent=136826"}],"wp:term":[{"taxonomy":"category","embeddable":true,"href":"https:\/\/linitiative.ca\/International\/wp-json\/wp\/v2\/categories?post=136826"},{"taxonomy":"post_tag","embeddable":true,"href":"https:\/\/linitiative.ca\/International\/wp-json\/wp\/v2\/tags?post=136826"}],"curies":[{"name":"wp","href":"https:\/\/api.w.org\/{rel}","templated":true}]}}