{"id":13684,"date":"2019-02-13T04:13:42","date_gmt":"2019-02-13T09:13:42","guid":{"rendered":"https:\/\/linitiative.ca\/International\/acces-a-lemploi-la-bad-accorde-923-millions-dh-au-maroc\/"},"modified":"2019-02-13T04:13:42","modified_gmt":"2019-02-13T09:13:42","slug":"acces-a-lemploi-la-bad-accorde-923-millions-dh-au-maroc","status":"publish","type":"post","link":"https:\/\/linitiative.ca\/International\/acces-a-lemploi-la-bad-accorde-923-millions-dh-au-maroc\/","title":{"rendered":"Acc\u00e8s \u00e0 l\u2019emploi : la BAD accorde 923 millions DH au Maroc"},"content":{"rendered":"<p>Le Maroc et la <strong>Banque africaine de d\u00e9veloppement<\/strong> (BAD) ont sign\u00e9, mardi \u00e0 Rabat, un accord de pr\u00eat pour le financement du programme ax\u00e9 sur les r\u00e9sultats pour l\u2019am\u00e9lioration de l\u2019acc\u00e8s \u00e0 l\u2019emploi, portant sur un montant de 96,6 millions de dollars am\u00e9ricains (soit environ 923 millions de dirhams).<\/p>\n<div class=\"c10\"\/>\n<p>Paraph\u00e9 par le ministre de l\u2019\u00c9conomie et des Finances, Mohamed Benchaaboun, et la repr\u00e9sentante r\u00e9sidente de la Banque africaine de d\u00e9veloppement (BAD) au Maroc, Leila Farah Mokaddem, en pr\u00e9sence du ministre du Travail et de l\u2019Insertion Professionnelle, Mohamed Yatim, cet accord vise \u00e0 contribuer \u00e0 l\u2019am\u00e9lioration des conditions de vie de la population \u00e0 travers un acc\u00e8s inclusif \u00e0 l\u2019emploi et au d\u00e9veloppement des comp\u00e9tences.<\/p>\n<p>Le programme, qui vient en appui aux strat\u00e9gies nationales de l\u2019emploi et de la formation professionnelle ainsi qu\u2019au plan national de <strong>promotion de l\u2019emploi<\/strong>, a pour objectifs de faciliter l\u2019acc\u00e8s \u00e0 l\u2019emploi des jeunes et des femmes et \u00e0 am\u00e9liorer la qualit\u00e9 de l\u2019emploi dans les r\u00e9gions.<\/p>\n<p>S\u2019exprimant \u00e0 cette occasion, Benchaaboun a fait savoir que cet accord qui a trait \u00e0 l\u2019emploi vise essentiellement la cr\u00e9ation d\u2019environ 100.000 emplois par an, outre l\u2019accompagnement de 111.000 b\u00e9n\u00e9ficiaires de la formation qualifiante, dont 50% de filles.<\/p>\n<p>Ce programme qui s\u2019\u00e9tend sur la p\u00e9riode 2019-2021 rev\u00eat une forme particuli\u00e8re, a-t-il soulign\u00e9, notant que l\u2019accord sign\u00e9 avec la BAD porte pour la premi\u00e8re fois sur des objectifs quantifi\u00e9es permettant de tracer des r\u00e9sultats \u00e0 m\u00eame de promouvoir l\u2019employabilit\u00e9 des jeunes et des femmes au Maroc.<\/p>\n<p>Rappelant que cet accord vient contribuer \u00e0 la mise en oeuvre des orientations de SM le Roi Mohammed VI en mati\u00e8re d\u2019emploi et de formation professionnelle gr\u00e2ce \u00e0 la mise en disposition de moyens financiers, <strong>Benchaaboun<\/strong> s\u2019est r\u00e9joui de la relation \u00ab\u00a0dense\u00a0\u00bb entre le Maroc et la BAD et de l\u2019appui pr\u00e9cieux et constant que l\u2019institution apporte au Maroc pour la mise en \u0153uvre des r\u00e9formes structurelles.<\/p>\n<p>Pour sa part, la repr\u00e9sentante r\u00e9sidente de la BAD au Maroc a indiqu\u00e9 que ce programme qui se base sur l\u2019utilisation d\u2019un instrument de financement ax\u00e9 sur les r\u00e9sultats et la performance, est une premi\u00e8re dans un pays \u00e0 revenu interm\u00e9diaire et t\u00e9moigne du niveau de la confiance et de l\u2019assurance de la BAD quant \u00e0 l\u2019utilisation des ses fonds dans le cadre de cet accord.<\/p>\n<p>Dans ce sens, elle a relev\u00e9 que le Maroc, \u00ab\u00a0un partenaire de long terme\u00a0\u00bb de la BAD est son premier client avec un portefeuille d\u2019environ 3 milliards d\u2019euros, a-t-elle indiqu\u00e9, saluant l\u2019excellence du dialogue entre l\u2019institution continentale et le Maroc, qui se positionne sur la voie de l\u2019\u00e9mergence.<\/p>\n<p>De son c\u00f4t\u00e9, le ministre de l\u2019Emploi et de l\u2019insertion professionnelle a mis en avant le niveau et la qualit\u00e9 des relations de coop\u00e9ration entre le Maroc et la BAD, se f\u00e9licitant de l\u2019int\u00e9r\u00eat port\u00e9 par la BAD pour le financement de projets structurants au Maroc notamment dans le domaine de l\u2019emploi et de la formation professionnelle qui rev\u00eat un int\u00e9r\u00eat primordial.<\/p>\n<p>Ce programme co\u00efncide avec les priorit\u00e9s du gouvernement et constitue un appui pour le plan national de la promotion de l\u2019emploi qui vise \u00e0 faciliter l\u2019acc\u00e8s \u00e0 l\u2019emploi \u00e0 am\u00e9liorer le capital humain et renforcer ses capacit\u00e9s, a-t-il ajout\u00e9.<\/p>\n<div class=\"c17\">\n<fieldset class=\"c16\">\n<legend><strong><span class=\"c11\">Challenge<\/span><span class=\"c12\">news<\/span><\/strong><\/legend>\n<div class=\"c15\">Le meilleur de la r\u00e9daction s\u00e9lectionn\u00e9 par Challenge :<\/p>\n<\/div>\n<\/fieldset>\n<\/div>\n<p>Auteur: challenge<br \/>\n<a href=\"https:\/\/www.challenge.ma\/acces-a-lemploi-la-bad-accorde-923-millions-dh-au-maroc-104769\/\">Cliquez ici pour lire l&rsquo;article depuis sa source.<\/a><\/p>\n","protected":false},"excerpt":{"rendered":"<p>Le Maroc et la Banque africaine de d\u00e9veloppement (BAD) ont sign\u00e9, mardi \u00e0 Rabat, un accord de pr\u00eat pour le financement du programme ax\u00e9 sur les r\u00e9sultats pour l\u2019am\u00e9lioration de l\u2019acc\u00e8s \u00e0 l\u2019emploi, portant sur un montant de 96,6 millions de dollars am\u00e9ricains (soit environ 923 millions de dirhams). Paraph\u00e9 par le ministre de l\u2019\u00c9conomie [&hellip;]<\/p>\n","protected":false},"author":1787,"featured_media":0,"comment_status":"closed","ping_status":"closed","sticky":false,"template":"","format":"standard","meta":{"fifu_image_url":"","fifu_image_alt":"","footnotes":""},"categories":[78,54],"tags":[],"class_list":["post-13684","post","type-post","status-publish","format-standard","hentry","category-economie","category-maroc"],"_links":{"self":[{"href":"https:\/\/linitiative.ca\/International\/wp-json\/wp\/v2\/posts\/13684","targetHints":{"allow":["GET"]}}],"collection":[{"href":"https:\/\/linitiative.ca\/International\/wp-json\/wp\/v2\/posts"}],"about":[{"href":"https:\/\/linitiative.ca\/International\/wp-json\/wp\/v2\/types\/post"}],"author":[{"embeddable":true,"href":"https:\/\/linitiative.ca\/International\/wp-json\/wp\/v2\/users\/1787"}],"replies":[{"embeddable":true,"href":"https:\/\/linitiative.ca\/International\/wp-json\/wp\/v2\/comments?post=13684"}],"version-history":[{"count":0,"href":"https:\/\/linitiative.ca\/International\/wp-json\/wp\/v2\/posts\/13684\/revisions"}],"wp:attachment":[{"href":"https:\/\/linitiative.ca\/International\/wp-json\/wp\/v2\/media?parent=13684"}],"wp:term":[{"taxonomy":"category","embeddable":true,"href":"https:\/\/linitiative.ca\/International\/wp-json\/wp\/v2\/categories?post=13684"},{"taxonomy":"post_tag","embeddable":true,"href":"https:\/\/linitiative.ca\/International\/wp-json\/wp\/v2\/tags?post=13684"}],"curies":[{"name":"wp","href":"https:\/\/api.w.org\/{rel}","templated":true}]}}