{"id":136851,"date":"2021-12-25T03:23:21","date_gmt":"2021-12-25T08:23:21","guid":{"rendered":"https:\/\/linitiative.ca\/International\/baisse-des-cas-domicron-en-afrique-du-sud-signal-dapaisement-de-cette-nouvelle-vague\/"},"modified":"2021-12-25T03:23:21","modified_gmt":"2021-12-25T08:23:21","slug":"baisse-des-cas-domicron-en-afrique-du-sud-signal-dapaisement-de-cette-nouvelle-vague","status":"publish","type":"post","link":"https:\/\/linitiative.ca\/International\/baisse-des-cas-domicron-en-afrique-du-sud-signal-dapaisement-de-cette-nouvelle-vague\/","title":{"rendered":"Baisse des cas d\u2019Omicron en Afrique du Sud: signal d\u2019apaisement de cette nouvelle vague?"},"content":{"rendered":"<div><img decoding=\"async\" width=\"1013\" height=\"674\" src=\"https:\/\/linitiative.ca\/International\/wp-content\/uploads\/sites\/23\/2021\/12\/omoc.png\" class=\"attachment-post-thumbnail size-post-thumbnail wp-post-image\" alt=\"\" loading=\"lazy\" srcset=\"https:\/\/linitiative.ca\/International\/wp-content\/uploads\/sites\/23\/2021\/12\/omoc.png 1013w, https:\/\/www.challenge.ma\/wp-content\/uploads\/2021\/12\/omoc-300x200.png 300w, https:\/\/www.challenge.ma\/wp-content\/uploads\/2021\/12\/omoc-768x511.png 768w, https:\/\/www.challenge.ma\/wp-content\/uploads\/2021\/12\/omoc-360x240.png 360w, https:\/\/www.challenge.ma\/wp-content\/uploads\/2021\/12\/omoc-750x499.png 750w\" sizes=\"auto, (max-width: 1013px) 100vw, 1013px\" itemprop=\"image\">Selon les experts m\u00e9dicaux, la baisse sensible du nombre de nouveaux cas de COVID-19 en Afrique du Sud ces derniers jours pourrait signifier que la flamb\u00e9e dramatique de l\u2019Omicron dans le pays a pass\u00e9 son pic. L\u2019Afrique du Sud a \u00e9t\u00e9 \u00e0 l\u2019avant-garde de la vague Omicron et le monde<\/div>\n<p>Auteur: challenge<br \/>\n<a href=\"https:\/\/www.challenge.ma\/baisse-des-cas-domicron-covid-19-diminuent-en-afrique-du-sud-signal-dapaisement-de-cette-nouvelle-vague-229425\/\">Cliquez ici pour lire l&rsquo;article depuis sa source.<\/a><\/p>\n","protected":false},"excerpt":{"rendered":"<p>Selon les experts m\u00e9dicaux, la baisse sensible du nombre de nouveaux cas de COVID-19 en Afrique du Sud ces derniers jours pourrait signifier que la flamb\u00e9e dramatique de l\u2019Omicron dans le pays a pass\u00e9 son pic. L\u2019Afrique du Sud a \u00e9t\u00e9 \u00e0 l\u2019avant-garde de la vague Omicron et le monde Auteur: challenge Cliquez ici pour [&hellip;]<\/p>\n","protected":false},"author":1787,"featured_media":0,"comment_status":"closed","ping_status":"closed","sticky":false,"template":"","format":"standard","meta":{"fifu_image_url":"https:\/\/www.challenge.ma\/wp-content\/uploads\/2021\/12\/omoc.png","fifu_image_alt":"Baisse des cas d\u2019Omicron en Afrique du Sud: signal d\u2019apaisement de cette nouvelle vague?","footnotes":""},"categories":[78,54],"tags":[],"class_list":["post-136851","post","type-post","status-publish","format-standard","hentry","category-economie","category-maroc"],"_links":{"self":[{"href":"https:\/\/linitiative.ca\/International\/wp-json\/wp\/v2\/posts\/136851","targetHints":{"allow":["GET"]}}],"collection":[{"href":"https:\/\/linitiative.ca\/International\/wp-json\/wp\/v2\/posts"}],"about":[{"href":"https:\/\/linitiative.ca\/International\/wp-json\/wp\/v2\/types\/post"}],"author":[{"embeddable":true,"href":"https:\/\/linitiative.ca\/International\/wp-json\/wp\/v2\/users\/1787"}],"replies":[{"embeddable":true,"href":"https:\/\/linitiative.ca\/International\/wp-json\/wp\/v2\/comments?post=136851"}],"version-history":[{"count":0,"href":"https:\/\/linitiative.ca\/International\/wp-json\/wp\/v2\/posts\/136851\/revisions"}],"wp:attachment":[{"href":"https:\/\/linitiative.ca\/International\/wp-json\/wp\/v2\/media?parent=136851"}],"wp:term":[{"taxonomy":"category","embeddable":true,"href":"https:\/\/linitiative.ca\/International\/wp-json\/wp\/v2\/categories?post=136851"},{"taxonomy":"post_tag","embeddable":true,"href":"https:\/\/linitiative.ca\/International\/wp-json\/wp\/v2\/tags?post=136851"}],"curies":[{"name":"wp","href":"https:\/\/api.w.org\/{rel}","templated":true}]}}