{"id":136853,"date":"2021-12-25T05:44:12","date_gmt":"2021-12-25T10:44:12","guid":{"rendered":"https:\/\/linitiative.ca\/International\/afaf-zarkik-economiste-au-policy-center-for-the-new-south-lannonce-de-la-taxe-carbone-aux-frontieres-de-lue-devrait-impulser-le-maroc-a-reflechir-a-sa-propre-politique\/"},"modified":"2021-12-25T05:44:12","modified_gmt":"2021-12-25T10:44:12","slug":"afaf-zarkik-economiste-au-policy-center-for-the-new-south-lannonce-de-la-taxe-carbone-aux-frontieres-de-lue-devrait-impulser-le-maroc-a-reflechir-a-sa-propre-politique","status":"publish","type":"post","link":"https:\/\/linitiative.ca\/International\/afaf-zarkik-economiste-au-policy-center-for-the-new-south-lannonce-de-la-taxe-carbone-aux-frontieres-de-lue-devrait-impulser-le-maroc-a-reflechir-a-sa-propre-politique\/","title":{"rendered":"Afaf Zarkik, \u00e9conomiste au Policy Center for the New South : \u00ab\u00a0L\u2019annonce de la taxe carbone aux fronti\u00e8res de l\u2019UE devrait impulser le Maroc \u00e0 r\u00e9fl\u00e9chir \u00e0 sa propre politique de d\u00e9carbonation\u00a0\u00bb"},"content":{"rendered":"<div><img decoding=\"async\" width=\"1200\" height=\"689\" src=\"https:\/\/linitiative.ca\/International\/wp-content\/uploads\/sites\/23\/2021\/12\/AFAF-ZARKIK-Photo-2-1.jpg\" class=\"attachment-post-thumbnail size-post-thumbnail wp-post-image\" alt=\"\" loading=\"lazy\" srcset=\"https:\/\/linitiative.ca\/International\/wp-content\/uploads\/sites\/23\/2021\/12\/AFAF-ZARKIK-Photo-2-1.jpg 1200w, https:\/\/www.challenge.ma\/wp-content\/uploads\/2021\/12\/AFAF-ZARKIK-Photo-2-1-300x172.jpg 300w, https:\/\/www.challenge.ma\/wp-content\/uploads\/2021\/12\/AFAF-ZARKIK-Photo-2-1-1024x588.jpg 1024w, https:\/\/www.challenge.ma\/wp-content\/uploads\/2021\/12\/AFAF-ZARKIK-Photo-2-1-768x441.jpg 768w, https:\/\/www.challenge.ma\/wp-content\/uploads\/2021\/12\/AFAF-ZARKIK-Photo-2-1-360x207.jpg 360w, https:\/\/www.challenge.ma\/wp-content\/uploads\/2021\/12\/AFAF-ZARKIK-Photo-2-1-750x431.jpg 750w\" sizes=\"auto, (max-width: 1200px) 100vw, 1200px\" itemprop=\"image\">Challenge : En 2023, l\u2019Union europ\u00e9enne projette de taxer les importations aux entreprises \u00e9trang\u00e8res exportant sur son territoire et le Maroc, dont 65% de ses exportations sont \u00e0 destination de l\u2019Europe, est concern\u00e9 par ces dispositions en perspective. Concr\u00e8tement, quels sont les risques pour le Maroc de ce nouveau m\u00e9canisme<\/div>\n<p>Auteur: Adama Sylla<br \/>\n<a href=\"https:\/\/www.challenge.ma\/afaf-zarkik-economiste-au-policy-center-for-the-new-south-lannonce-de-la-taxe-carbone-aux-frontieres-de-lue-devrait-impulser-le-maroc-a-reflechir-a-sa-propre-politique-de-decarb-228756\/\">Cliquez ici pour lire l&rsquo;article depuis sa source.<\/a><\/p>\n","protected":false},"excerpt":{"rendered":"<p>Challenge : En 2023, l\u2019Union europ\u00e9enne projette de taxer les importations aux entreprises \u00e9trang\u00e8res exportant sur son territoire et le Maroc, dont 65% de ses exportations sont \u00e0 destination de l\u2019Europe, est concern\u00e9 par ces dispositions en perspective. Concr\u00e8tement, quels sont les risques pour le Maroc de ce nouveau m\u00e9canisme Auteur: Adama Sylla Cliquez ici [&hellip;]<\/p>\n","protected":false},"author":1787,"featured_media":0,"comment_status":"closed","ping_status":"closed","sticky":false,"template":"","format":"standard","meta":{"fifu_image_url":"https:\/\/www.challenge.ma\/wp-content\/uploads\/2021\/12\/AFAF-ZARKIK-Photo-2-1.jpg","fifu_image_alt":"Afaf Zarkik, \u00e9conomiste au Policy Center for the New South : \u00ab\u00a0L\u2019annonce de la taxe carbone aux fronti\u00e8res de l\u2019UE devrait impulser le Maroc \u00e0 r\u00e9fl\u00e9chir \u00e0 sa propre politique de d\u00e9carbonation\u00a0\u00bb","footnotes":""},"categories":[78,54],"tags":[],"class_list":["post-136853","post","type-post","status-publish","format-standard","hentry","category-economie","category-maroc"],"_links":{"self":[{"href":"https:\/\/linitiative.ca\/International\/wp-json\/wp\/v2\/posts\/136853","targetHints":{"allow":["GET"]}}],"collection":[{"href":"https:\/\/linitiative.ca\/International\/wp-json\/wp\/v2\/posts"}],"about":[{"href":"https:\/\/linitiative.ca\/International\/wp-json\/wp\/v2\/types\/post"}],"author":[{"embeddable":true,"href":"https:\/\/linitiative.ca\/International\/wp-json\/wp\/v2\/users\/1787"}],"replies":[{"embeddable":true,"href":"https:\/\/linitiative.ca\/International\/wp-json\/wp\/v2\/comments?post=136853"}],"version-history":[{"count":0,"href":"https:\/\/linitiative.ca\/International\/wp-json\/wp\/v2\/posts\/136853\/revisions"}],"wp:attachment":[{"href":"https:\/\/linitiative.ca\/International\/wp-json\/wp\/v2\/media?parent=136853"}],"wp:term":[{"taxonomy":"category","embeddable":true,"href":"https:\/\/linitiative.ca\/International\/wp-json\/wp\/v2\/categories?post=136853"},{"taxonomy":"post_tag","embeddable":true,"href":"https:\/\/linitiative.ca\/International\/wp-json\/wp\/v2\/tags?post=136853"}],"curies":[{"name":"wp","href":"https:\/\/api.w.org\/{rel}","templated":true}]}}