{"id":136855,"date":"2021-12-25T16:10:14","date_gmt":"2021-12-25T21:10:14","guid":{"rendered":"https:\/\/linitiative.ca\/International\/lombre-des-attentats-terroristes-plane-sur-lorganisation-de-la-coupe-dafrique\/"},"modified":"2021-12-25T16:10:14","modified_gmt":"2021-12-25T21:10:14","slug":"lombre-des-attentats-terroristes-plane-sur-lorganisation-de-la-coupe-dafrique","status":"publish","type":"post","link":"https:\/\/linitiative.ca\/International\/lombre-des-attentats-terroristes-plane-sur-lorganisation-de-la-coupe-dafrique\/","title":{"rendered":"L\u2019ombre des attentats terroristes plane sur l\u2019organisation de la coupe d\u2019Afrique"},"content":{"rendered":"<div>\n<p>L\u2019organisation de la coupe d\u2019Afrique, au Cameroun, est plus que jamais menac\u00e9e, par le risque d\u2019attentats terroristes, sur font de guerre avec les s\u00e9paratistes. A quelques jours, \u00e0 peine, du d\u00e9marrage du tournoi, pr\u00e9vu pour le 9 janvier prochain, plusieurs attentats men\u00e9s par des groupes s\u00e9paratistes ont fait monter la pression. Ainsi une \u00e9cole a [\u2026]<\/p>\n<p>L\u2019article <a href=\"https:\/\/www.tunisienumerique.com\/lombre-des-attentats-terroristes-plane-sur-lorganisation-de-la-coupe-dafrique\/\">L\u2019ombre des attentats terroristes plane sur l\u2019organisation de la coupe d\u2019Afrique<\/a> est apparu en premier sur <a href=\"https:\/\/www.tunisienumerique.com\/\">Tunisie<\/a>.<\/p>\n<\/div>\n<p>Auteur: LM<br \/>\n<a href=\"https:\/\/www.tunisienumerique.com\/lombre-des-attentats-terroristes-plane-sur-lorganisation-de-la-coupe-dafrique\/\">Cliquez ici pour lire l&rsquo;article depuis sa source.<\/a><\/p>\n","protected":false},"excerpt":{"rendered":"<p>L\u2019organisation de la coupe d\u2019Afrique, au Cameroun, est plus que jamais menac\u00e9e, par le risque d\u2019attentats terroristes, sur font de guerre avec les s\u00e9paratistes. A quelques jours, \u00e0 peine, du d\u00e9marrage du tournoi, pr\u00e9vu pour le 9 janvier prochain, plusieurs attentats men\u00e9s par des groupes s\u00e9paratistes ont fait monter la pression. Ainsi une \u00e9cole a [&hellip;]<\/p>\n","protected":false},"author":1789,"featured_media":0,"comment_status":"closed","ping_status":"closed","sticky":false,"template":"","format":"standard","meta":{"fifu_image_url":"","fifu_image_alt":"","footnotes":""},"categories":[73,55],"tags":[],"class_list":["post-136855","post","type-post","status-publish","format-standard","hentry","category-actualite","category-tunisie"],"_links":{"self":[{"href":"https:\/\/linitiative.ca\/International\/wp-json\/wp\/v2\/posts\/136855","targetHints":{"allow":["GET"]}}],"collection":[{"href":"https:\/\/linitiative.ca\/International\/wp-json\/wp\/v2\/posts"}],"about":[{"href":"https:\/\/linitiative.ca\/International\/wp-json\/wp\/v2\/types\/post"}],"author":[{"embeddable":true,"href":"https:\/\/linitiative.ca\/International\/wp-json\/wp\/v2\/users\/1789"}],"replies":[{"embeddable":true,"href":"https:\/\/linitiative.ca\/International\/wp-json\/wp\/v2\/comments?post=136855"}],"version-history":[{"count":0,"href":"https:\/\/linitiative.ca\/International\/wp-json\/wp\/v2\/posts\/136855\/revisions"}],"wp:attachment":[{"href":"https:\/\/linitiative.ca\/International\/wp-json\/wp\/v2\/media?parent=136855"}],"wp:term":[{"taxonomy":"category","embeddable":true,"href":"https:\/\/linitiative.ca\/International\/wp-json\/wp\/v2\/categories?post=136855"},{"taxonomy":"post_tag","embeddable":true,"href":"https:\/\/linitiative.ca\/International\/wp-json\/wp\/v2\/tags?post=136855"}],"curies":[{"name":"wp","href":"https:\/\/api.w.org\/{rel}","templated":true}]}}