{"id":136856,"date":"2021-12-25T16:15:48","date_gmt":"2021-12-25T21:15:48","guid":{"rendered":"https:\/\/linitiative.ca\/International\/tunisie-beja-photos-lambassadeur-du-japon-visite-le-festival-de-lhuile-dolive-a-teboursouk\/"},"modified":"2021-12-25T16:15:48","modified_gmt":"2021-12-25T21:15:48","slug":"tunisie-beja-photos-lambassadeur-du-japon-visite-le-festival-de-lhuile-dolive-a-teboursouk","status":"publish","type":"post","link":"https:\/\/linitiative.ca\/International\/tunisie-beja-photos-lambassadeur-du-japon-visite-le-festival-de-lhuile-dolive-a-teboursouk\/","title":{"rendered":"Tunisie-B\u00e9ja [PHOTOS] : L\u2019Ambassadeur du Japon visite le festival de l\u2019huile d\u2019olive \u00e0 T\u00e9boursouk"},"content":{"rendered":"<div>\n<p>L\u2019ambassadeur du Japon en Tunisie, Son Excellence M. Shinsuke Shimizu a effectu\u00e9 aujourd\u2019hui, samedi 25 d\u00e9cembre 2021, une visite de travail dans le gouvernorat de B\u00e9ja pour assister aux festivit\u00e9s et animations de la 6\u00e8me \u00e9dition du Festival de l\u2019huile d\u2019olive \u00e0 la D\u00e9l\u00e9gation de T\u00e9boursouk, en parcourant l\u2019exposition de l\u2019huile d\u2019olive et de l\u2019artisanat.<\/p>\n<p>L\u2019article <a href=\"https:\/\/www.tunisienumerique.com\/tunisie-beja-photos-lambassadeur-du-japon-visite-le-festival-de-lhuile-dolive-a-teboursouk\/\">Tunisie-B\u00e9ja [PHOTOS] : L\u2019Ambassadeur du Japon visite le festival de l\u2019huile d\u2019olive \u00e0 T\u00e9boursouk<\/a> est apparu en premier sur <a href=\"https:\/\/www.tunisienumerique.com\/\">Tunisie<\/a>.<\/p>\n<\/div>\n<p>Auteur: rania ben slimane<br \/>\n<a href=\"https:\/\/www.tunisienumerique.com\/tunisie-beja-photos-lambassadeur-du-japon-visite-le-festival-de-lhuile-dolive-a-teboursouk\/\">Cliquez ici pour lire l&rsquo;article depuis sa source.<\/a><\/p>\n","protected":false},"excerpt":{"rendered":"<p>L\u2019ambassadeur du Japon en Tunisie, Son Excellence M. Shinsuke Shimizu a effectu\u00e9 aujourd\u2019hui, samedi 25 d\u00e9cembre 2021, une visite de travail dans le gouvernorat de B\u00e9ja pour assister aux festivit\u00e9s et animations de la 6\u00e8me \u00e9dition du Festival de l\u2019huile d\u2019olive \u00e0 la D\u00e9l\u00e9gation de T\u00e9boursouk, en parcourant l\u2019exposition de l\u2019huile d\u2019olive et de l\u2019artisanat. [&hellip;]<\/p>\n","protected":false},"author":1789,"featured_media":0,"comment_status":"closed","ping_status":"closed","sticky":false,"template":"","format":"standard","meta":{"fifu_image_url":"","fifu_image_alt":"","footnotes":""},"categories":[73,55],"tags":[],"class_list":["post-136856","post","type-post","status-publish","format-standard","hentry","category-actualite","category-tunisie"],"_links":{"self":[{"href":"https:\/\/linitiative.ca\/International\/wp-json\/wp\/v2\/posts\/136856","targetHints":{"allow":["GET"]}}],"collection":[{"href":"https:\/\/linitiative.ca\/International\/wp-json\/wp\/v2\/posts"}],"about":[{"href":"https:\/\/linitiative.ca\/International\/wp-json\/wp\/v2\/types\/post"}],"author":[{"embeddable":true,"href":"https:\/\/linitiative.ca\/International\/wp-json\/wp\/v2\/users\/1789"}],"replies":[{"embeddable":true,"href":"https:\/\/linitiative.ca\/International\/wp-json\/wp\/v2\/comments?post=136856"}],"version-history":[{"count":0,"href":"https:\/\/linitiative.ca\/International\/wp-json\/wp\/v2\/posts\/136856\/revisions"}],"wp:attachment":[{"href":"https:\/\/linitiative.ca\/International\/wp-json\/wp\/v2\/media?parent=136856"}],"wp:term":[{"taxonomy":"category","embeddable":true,"href":"https:\/\/linitiative.ca\/International\/wp-json\/wp\/v2\/categories?post=136856"},{"taxonomy":"post_tag","embeddable":true,"href":"https:\/\/linitiative.ca\/International\/wp-json\/wp\/v2\/tags?post=136856"}],"curies":[{"name":"wp","href":"https:\/\/api.w.org\/{rel}","templated":true}]}}