{"id":136857,"date":"2021-12-25T16:27:12","date_gmt":"2021-12-25T21:27:12","guid":{"rendered":"https:\/\/linitiative.ca\/International\/beja-teboursouk-video-le-ministre-de-lagriculture-en-visite-de-suivi-au-festival-de-lhuile-dolive\/"},"modified":"2021-12-25T16:27:12","modified_gmt":"2021-12-25T21:27:12","slug":"beja-teboursouk-video-le-ministre-de-lagriculture-en-visite-de-suivi-au-festival-de-lhuile-dolive","status":"publish","type":"post","link":"https:\/\/linitiative.ca\/International\/beja-teboursouk-video-le-ministre-de-lagriculture-en-visite-de-suivi-au-festival-de-lhuile-dolive\/","title":{"rendered":"B\u00e9ja-T\u00e9boursouk [VIDEO]: Le ministre de l\u2019Agriculture en visite de suivi au Festival de l\u2019huile d\u2019olive"},"content":{"rendered":"<div>\n<p>Le ministre de l\u2019Agriculture, M. Mahoumoud Elyes Hamza a rendu visite aujourd\u2019hui, samedi 25 d\u00e9cembre 2021, \u00e0 la d\u00e9l\u00e9gation de T\u00e9boursouk du gouvernorat de B\u00e9ja, pour suivre les activit\u00e9s de la F\u00eate de l\u2019huile d\u2019olive. Dans le cadre de la visite, le ministre a visit\u00e9 l\u2019exposition \u00e9rig\u00e9e \u00e0 cette occasion, o\u00f9 il a \u00e9t\u00e9 inform\u00e9 [\u2026]<\/p>\n<p>L\u2019article <a href=\"https:\/\/www.tunisienumerique.com\/beja-teboursouk-video-le-ministre-de-lagriculture-en-visite-de-suivi-au-festival-de-lhuile-dolive\/\">B\u00e9ja-T\u00e9boursouk [VIDEO]: Le ministre de l\u2019Agriculture en visite de suivi au Festival de l\u2019huile d\u2019olive<\/a> est apparu en premier sur <a href=\"https:\/\/www.tunisienumerique.com\/\">Tunisie<\/a>.<\/p>\n<\/div>\n<p>Auteur: rania ben slimane<br \/>\n<a href=\"https:\/\/www.tunisienumerique.com\/beja-teboursouk-video-le-ministre-de-lagriculture-en-visite-de-suivi-au-festival-de-lhuile-dolive\/\">Cliquez ici pour lire l&rsquo;article depuis sa source.<\/a><\/p>\n","protected":false},"excerpt":{"rendered":"<p>Le ministre de l\u2019Agriculture, M. Mahoumoud Elyes Hamza a rendu visite aujourd\u2019hui, samedi 25 d\u00e9cembre 2021, \u00e0 la d\u00e9l\u00e9gation de T\u00e9boursouk du gouvernorat de B\u00e9ja, pour suivre les activit\u00e9s de la F\u00eate de l\u2019huile d\u2019olive. Dans le cadre de la visite, le ministre a visit\u00e9 l\u2019exposition \u00e9rig\u00e9e \u00e0 cette occasion, o\u00f9 il a \u00e9t\u00e9 inform\u00e9 [&hellip;]<\/p>\n","protected":false},"author":1789,"featured_media":0,"comment_status":"closed","ping_status":"closed","sticky":false,"template":"","format":"standard","meta":{"fifu_image_url":"","fifu_image_alt":"","footnotes":""},"categories":[73,55],"tags":[],"class_list":["post-136857","post","type-post","status-publish","format-standard","hentry","category-actualite","category-tunisie"],"_links":{"self":[{"href":"https:\/\/linitiative.ca\/International\/wp-json\/wp\/v2\/posts\/136857","targetHints":{"allow":["GET"]}}],"collection":[{"href":"https:\/\/linitiative.ca\/International\/wp-json\/wp\/v2\/posts"}],"about":[{"href":"https:\/\/linitiative.ca\/International\/wp-json\/wp\/v2\/types\/post"}],"author":[{"embeddable":true,"href":"https:\/\/linitiative.ca\/International\/wp-json\/wp\/v2\/users\/1789"}],"replies":[{"embeddable":true,"href":"https:\/\/linitiative.ca\/International\/wp-json\/wp\/v2\/comments?post=136857"}],"version-history":[{"count":0,"href":"https:\/\/linitiative.ca\/International\/wp-json\/wp\/v2\/posts\/136857\/revisions"}],"wp:attachment":[{"href":"https:\/\/linitiative.ca\/International\/wp-json\/wp\/v2\/media?parent=136857"}],"wp:term":[{"taxonomy":"category","embeddable":true,"href":"https:\/\/linitiative.ca\/International\/wp-json\/wp\/v2\/categories?post=136857"},{"taxonomy":"post_tag","embeddable":true,"href":"https:\/\/linitiative.ca\/International\/wp-json\/wp\/v2\/tags?post=136857"}],"curies":[{"name":"wp","href":"https:\/\/api.w.org\/{rel}","templated":true}]}}