{"id":136859,"date":"2021-12-25T17:03:50","date_gmt":"2021-12-25T22:03:50","guid":{"rendered":"https:\/\/linitiative.ca\/International\/tunisie-najla-bouden-rencontre-des-representants-du-syndicat-des-televisions-privees\/"},"modified":"2021-12-25T17:03:50","modified_gmt":"2021-12-25T22:03:50","slug":"tunisie-najla-bouden-rencontre-des-representants-du-syndicat-des-televisions-privees","status":"publish","type":"post","link":"https:\/\/linitiative.ca\/International\/tunisie-najla-bouden-rencontre-des-representants-du-syndicat-des-televisions-privees\/","title":{"rendered":"Tunisie : Najla Bouden rencontre des repr\u00e9sentants du Syndicat des T\u00e9l\u00e9visions Priv\u00e9es"},"content":{"rendered":"<div>\n<p>La Cheffe du gouvernement, Najla Bouden s\u2019est entretenue ce matin au Palais du gouvernement dans la Kasbah avec une d\u00e9l\u00e9gation du Syndicat des T\u00e9l\u00e9visions Priv\u00e9es, pr\u00e9sid\u00e9 par son PDG, Sameh Moutibaa. La rencontre a port\u00e9 sur l\u2019importance de ce domaine vital et la n\u00e9cessit\u00e9 de lui accorder l\u2019attention n\u00e9cessaire \u00e0 la lumi\u00e8re du climat des [\u2026]<\/p>\n<p>L\u2019article <a href=\"https:\/\/www.tunisienumerique.com\/tunisie-najla-bouden-rencontre-des-representants-du-syndicat-des-televisions-privees\/\">Tunisie : Najla Bouden rencontre des repr\u00e9sentants du Syndicat des T\u00e9l\u00e9visions Priv\u00e9es<\/a> est apparu en premier sur <a href=\"https:\/\/www.tunisienumerique.com\/\">Tunisie<\/a>.<\/p>\n<\/div>\n<p>Auteur: rania ben slimane<br \/>\n<a href=\"https:\/\/www.tunisienumerique.com\/tunisie-najla-bouden-rencontre-des-representants-du-syndicat-des-televisions-privees\/\">Cliquez ici pour lire l&rsquo;article depuis sa source.<\/a><\/p>\n","protected":false},"excerpt":{"rendered":"<p>La Cheffe du gouvernement, Najla Bouden s\u2019est entretenue ce matin au Palais du gouvernement dans la Kasbah avec une d\u00e9l\u00e9gation du Syndicat des T\u00e9l\u00e9visions Priv\u00e9es, pr\u00e9sid\u00e9 par son PDG, Sameh Moutibaa. La rencontre a port\u00e9 sur l\u2019importance de ce domaine vital et la n\u00e9cessit\u00e9 de lui accorder l\u2019attention n\u00e9cessaire \u00e0 la lumi\u00e8re du climat des [&hellip;]<\/p>\n","protected":false},"author":1789,"featured_media":0,"comment_status":"closed","ping_status":"closed","sticky":false,"template":"","format":"standard","meta":{"fifu_image_url":"","fifu_image_alt":"","footnotes":""},"categories":[73,55],"tags":[],"class_list":["post-136859","post","type-post","status-publish","format-standard","hentry","category-actualite","category-tunisie"],"_links":{"self":[{"href":"https:\/\/linitiative.ca\/International\/wp-json\/wp\/v2\/posts\/136859","targetHints":{"allow":["GET"]}}],"collection":[{"href":"https:\/\/linitiative.ca\/International\/wp-json\/wp\/v2\/posts"}],"about":[{"href":"https:\/\/linitiative.ca\/International\/wp-json\/wp\/v2\/types\/post"}],"author":[{"embeddable":true,"href":"https:\/\/linitiative.ca\/International\/wp-json\/wp\/v2\/users\/1789"}],"replies":[{"embeddable":true,"href":"https:\/\/linitiative.ca\/International\/wp-json\/wp\/v2\/comments?post=136859"}],"version-history":[{"count":0,"href":"https:\/\/linitiative.ca\/International\/wp-json\/wp\/v2\/posts\/136859\/revisions"}],"wp:attachment":[{"href":"https:\/\/linitiative.ca\/International\/wp-json\/wp\/v2\/media?parent=136859"}],"wp:term":[{"taxonomy":"category","embeddable":true,"href":"https:\/\/linitiative.ca\/International\/wp-json\/wp\/v2\/categories?post=136859"},{"taxonomy":"post_tag","embeddable":true,"href":"https:\/\/linitiative.ca\/International\/wp-json\/wp\/v2\/tags?post=136859"}],"curies":[{"name":"wp","href":"https:\/\/api.w.org\/{rel}","templated":true}]}}