{"id":136870,"date":"2021-12-25T14:18:03","date_gmt":"2021-12-25T19:18:03","guid":{"rendered":"https:\/\/linitiative.ca\/International\/deploiement-de-wagner-au-mali-le-dementi-formel-de-bamako\/"},"modified":"2021-12-25T14:18:03","modified_gmt":"2021-12-25T19:18:03","slug":"deploiement-de-wagner-au-mali-le-dementi-formel-de-bamako","status":"publish","type":"post","link":"https:\/\/linitiative.ca\/International\/deploiement-de-wagner-au-mali-le-dementi-formel-de-bamako\/","title":{"rendered":"D\u00e9ploiement de Wagner au Mali: le \u00abd\u00e9menti formel\u00bb de Bamako"},"content":{"rendered":"<div>\n<p><img decoding=\"async\" width=\"1242\" height=\"695\" src=\"https:\/\/linitiative.ca\/International\/wp-content\/uploads\/sites\/23\/2021\/12\/16404598836755.jpg\" class=\"attachment-post-thumbnail size-post-thumbnail wp-post-image\" alt=\"\" loading=\"lazy\" srcset=\"https:\/\/linitiative.ca\/International\/wp-content\/uploads\/sites\/23\/2021\/12\/16404598836755.jpg 1242w, https:\/\/www.journalducameroun.com\/wp-content\/uploads\/2021\/12\/16404598836755-300x168.jpg 300w, https:\/\/www.journalducameroun.com\/wp-content\/uploads\/2021\/12\/16404598836755-1024x573.jpg 1024w, https:\/\/www.journalducameroun.com\/wp-content\/uploads\/2021\/12\/16404598836755-768x430.jpg 768w, https:\/\/www.journalducameroun.com\/wp-content\/uploads\/2021\/12\/16404598836755-160x90.jpg 160w, https:\/\/www.journalducameroun.com\/wp-content\/uploads\/2021\/12\/16404598836755-240x135.jpg 240w, https:\/\/www.journalducameroun.com\/wp-content\/uploads\/2021\/12\/16404598836755-786x440.jpg 786w, https:\/\/www.journalducameroun.com\/wp-content\/uploads\/2021\/12\/16404598836755-600x336.jpg 600w\" sizes=\"auto, (max-width: 1242px) 100vw, 1242px\"><\/p>\n<p>Le Mali a d\u00e9menti tout d\u00e9ploiement des mercenaires russes du Groupe Wagner sur son territoire.Les autorit\u00e9s de la transition malienne ont\u00a0\u00a0\u00ab apport\u00e9 un d\u00e9menti formel \u00e0 ces all\u00e9gations sur un pr\u00e9tendu d\u00e9ploiement des \u00e9l\u00e9ments d&rsquo;une soci\u00e9t\u00e9 de s\u00e9curit\u00e9 priv\u00e9e \u00bb, dans un communiqu\u00e9 publi\u00e9 vendredi soir.<\/p>\n<p>Face aux accusations de la France et de plusieurs pays de l&rsquo;Union europ\u00e9enne sur la pr\u00e9sence des \u00ab mercenaires de Wagner\u00a0\u00bb sur le sol malien, Bamako \u00ab exige que des preuves lui soient apport\u00e9es par des sources ind\u00e9pendantes \u00bb.\u00a0<\/p>\n<p>Le Mali \u00ab tient \u00e0 pr\u00e9ciser qu&rsquo;au m\u00eame titre que la mission europ\u00e9enne de formation [EUTM] des formateurs russes sont pr\u00e9sents au Mali dans le cadre du renforcement des capacit\u00e9s op\u00e9rationnelles des forces de d\u00e9fense et de s\u00e9curit\u00e9 nationales\u00a0\u00bb.<\/p>\n<p>Partant de l\u00e0, le pouvoir malien veut \u00eatre \u00ab jug\u00e9 sur des actes plut\u00f4t que sur des rumeurs\u00a0\u00bb selon le porte-parole du gouvernement, le colonel Abdoulaye Maiga par ailleurs ministre de l&rsquo;administration territoriale. Ce dernier pr\u00e9cise avec fermet\u00e9 que \u00ab l&rsquo;Etat malien n&rsquo;est engag\u00e9 que dans un partenariat d&rsquo;Etat \u00e0 Etat avec la F\u00e9d\u00e9ration de Russie, son partenaire historique\u00a0\u00bb.<\/p>\n<p>Cette sortie du gouvernement malien, est une r\u00e9ponse aux r\u00e9actions de plusieurs pays occidentaux, dont la France, l&rsquo;Allemagne, le Royaume-Uni et le Canada sur l&rsquo;arriv\u00e9e \u00ab de mercenaires de Wagner sur le territoire malien \u00bb depuis la fin du mois de novembre.\u00a0<\/p>\n<p>Dans un communiqu\u00e9, ces pays europ\u00e9ens ont d\u00e9nonc\u00e9 \u00ab l&rsquo;implication du gouvernement de la F\u00e9d\u00e9ration de Russie dans la fourniture d&rsquo;un soutien mat\u00e9riel au d\u00e9ploiement du Groupe Wagner au Mali\u00a0\u00bb. L&rsquo;Europe des 27 demande \u00e0 la Russie de se \u00ab comporter de mani\u00e8re responsable et constructive dans la r\u00e9gion \u00bb.\u00a0<\/p>\n<p>De son c\u00f4t\u00e9, Moscou se d\u00e9fend et soutient que sa pr\u00e9sence dans le Sahel s&rsquo;explique pour des \u00ab raisons s\u00e9curitaires \u00bb. Dans une r\u00e9cente sortie m\u00e9diatique, le ministre russe des Affaires \u00e9trang\u00e8res Sergue\u00ef Lavrov a indiqu\u00e9 que c&rsquo;est parce que \u00ab\u00a0le gouvernement fran\u00e7ais a d\u00e9cid\u00e9 de r\u00e9duire la mission Barkhane\u00a0\u00bb que les autorit\u00e9s maliennes ont fait appel aux forces russes.<\/p>\n<p>Cet article <a rel=\"nofollow\" href=\"https:\/\/www.journalducameroun.com\/deploiement-de-wagner-au-mali-le-dementi-formel-de-bamako\/\">D\u00e9ploiement de Wagner au Mali: le \u00abd\u00e9menti formel\u00bb de Bamako<\/a> est apparu en premier sur <a rel=\"nofollow\" href=\"https:\/\/www.journalducameroun.com\/\">Journal du Cameroun<\/a>.<\/p>\n<\/div>\n<p>Auteur: APA News<br \/>\n<a href=\"https:\/\/www.journalducameroun.com\/deploiement-de-wagner-au-mali-le-dementi-formel-de-bamako\/\">Cliquez ici pour lire l&rsquo;article depuis sa source.<\/a><\/p>\n","protected":false},"excerpt":{"rendered":"<p>Le Mali a d\u00e9menti tout d\u00e9ploiement des mercenaires russes du Groupe Wagner sur son territoire.Les autorit\u00e9s de la transition malienne ont\u00a0\u00a0\u00ab apport\u00e9 un d\u00e9menti formel \u00e0 ces all\u00e9gations sur un pr\u00e9tendu d\u00e9ploiement des \u00e9l\u00e9ments d&rsquo;une soci\u00e9t\u00e9 de s\u00e9curit\u00e9 priv\u00e9e \u00bb, dans un communiqu\u00e9 publi\u00e9 vendredi soir. Face aux accusations de la France et de plusieurs [&hellip;]<\/p>\n","protected":false},"author":1965,"featured_media":0,"comment_status":"closed","ping_status":"closed","sticky":false,"template":"","format":"standard","meta":{"fifu_image_url":"https:\/\/www.journalducameroun.com\/wp-content\/uploads\/2021\/12\/16404598836755.jpg","fifu_image_alt":"D\u00e9ploiement de Wagner au Mali: le \u00abd\u00e9menti formel\u00bb de Bamako","footnotes":""},"categories":[73,82],"tags":[],"class_list":["post-136870","post","type-post","status-publish","format-standard","hentry","category-actualite","category-cameroun"],"_links":{"self":[{"href":"https:\/\/linitiative.ca\/International\/wp-json\/wp\/v2\/posts\/136870","targetHints":{"allow":["GET"]}}],"collection":[{"href":"https:\/\/linitiative.ca\/International\/wp-json\/wp\/v2\/posts"}],"about":[{"href":"https:\/\/linitiative.ca\/International\/wp-json\/wp\/v2\/types\/post"}],"author":[{"embeddable":true,"href":"https:\/\/linitiative.ca\/International\/wp-json\/wp\/v2\/users\/1965"}],"replies":[{"embeddable":true,"href":"https:\/\/linitiative.ca\/International\/wp-json\/wp\/v2\/comments?post=136870"}],"version-history":[{"count":0,"href":"https:\/\/linitiative.ca\/International\/wp-json\/wp\/v2\/posts\/136870\/revisions"}],"wp:attachment":[{"href":"https:\/\/linitiative.ca\/International\/wp-json\/wp\/v2\/media?parent=136870"}],"wp:term":[{"taxonomy":"category","embeddable":true,"href":"https:\/\/linitiative.ca\/International\/wp-json\/wp\/v2\/categories?post=136870"},{"taxonomy":"post_tag","embeddable":true,"href":"https:\/\/linitiative.ca\/International\/wp-json\/wp\/v2\/tags?post=136870"}],"curies":[{"name":"wp","href":"https:\/\/api.w.org\/{rel}","templated":true}]}}