{"id":136888,"date":"2021-12-26T08:16:20","date_gmt":"2021-12-26T13:16:20","guid":{"rendered":"https:\/\/linitiative.ca\/International\/la-vulnerabilite-des-entreprises-marocaines-relativement-stable\/"},"modified":"2021-12-26T08:16:20","modified_gmt":"2021-12-26T13:16:20","slug":"la-vulnerabilite-des-entreprises-marocaines-relativement-stable","status":"publish","type":"post","link":"https:\/\/linitiative.ca\/International\/la-vulnerabilite-des-entreprises-marocaines-relativement-stable\/","title":{"rendered":"La vuln\u00e9rabilit\u00e9 des entreprises marocaines relativement stable"},"content":{"rendered":"<div>\n<p class=\"has-text-align-center has-vivid-red-color has-text-color\"><strong>Entre 2006 et 2019<\/strong><\/p>\n<p class=\"has-vivid-cyan-blue-color has-text-color\"><strong>La vuln\u00e9rabilit\u00e9 des entreprises marocaines est rest\u00e9e relativement stable durant la p\u00e9riode 2006-2019 quoiqu\u2019elle ait enregistr\u00e9 une l\u00e9g\u00e8re hausse \u00e0 partir de 2014 en lien avec l\u2019atonie de la croissance \u00e9conomique, selon un document de recherche publi\u00e9 par Bank Al-Maghrib (BAM).<\/strong><\/p>\n<p>\u00abLe degr\u00e9 de vuln\u00e9rabilit\u00e9 d\u00e9pend des caract\u00e9ristiques individuelles des entreprises (taille, \u00e2ge, secteur d\u2019activit\u00e9 et r\u00e9gion)\u00bb, soulignent les auteurs de cette \u00e9tude intitul\u00e9e \u00abAnalyse de la vuln\u00e9rabilit\u00e9 du tissu productif marocain\u00bb et qui propose un indice agr\u00e9g\u00e9 de vuln\u00e9rabilit\u00e9 qui se base sur le concept de la dette-\u00e0-risque.<\/p>\n<p>En effet, les jeunes entreprises et les tr\u00e8s petites et moyennes entreprises (TPME) sont relativement plus vuln\u00e9rables que les vieilles et les grandes entreprises, pr\u00e9cise la m\u00eame source, qui estime que les r\u00e9sultats de l\u2019\u00e9tude sont globalement en ligne avec ceux obtenus dans le cadre de travaux similaires men\u00e9s par plusieurs banques centrales et institutions internationales pour des pays \u00e9mergents et en d\u00e9veloppement.<\/p>\n<p>R\u00e9alis\u00e9e par Feu Sara Benazzi, Hicham Bennouna et Tomasz Chmielewski, cette \u00e9tude a permis d\u2019\u00e9tablir un diagnostic du tissu productif marocain qui peut servir pour mieux orienter les d\u00e9cisions des pouvoirs publics et assurer un monitoring r\u00e9gulier des programmes en faveur des entreprises. La vuln\u00e9rabilit\u00e9 est analys\u00e9e par taille, \u00e2ge, secteur d\u2019activit\u00e9 et r\u00e9gion, selon quatre principales dimensions, \u00e0 savoir la solvabilit\u00e9, la liquidit\u00e9, la rentabilit\u00e9 et la capacit\u00e9 de service de la dette.<\/p>\n<p>\u00abLes impacts \u00e9conomiques de la crise sanitaire actuelle ainsi que les mesures adopt\u00e9es par les gouvernements et les banques centrales pour aider les entreprises \u00e0 surmonter cette conjoncture et amorcer une reprise graduelle illustrent bien l\u2019utilit\u00e9 d\u2019un tel exercice\u00bb, notent les chercheurs.<\/p>\n<p>Par ailleurs, et au-del\u00e0 des avantages que peut apporter ce dispositif, les auteurs tiennent \u00e0 souligner que la vuln\u00e9rabilit\u00e9 est un concept multidimensionnel qui devrait s\u2019inscrire aussi dans une d\u00e9marche prospective \u00abforward-looking\u00bb.<\/p>\n<p>Ainsi, ce travail \u00abpeut aussi \u00eatre am\u00e9lior\u00e9 \u00e0 travers la prise en compte d\u2019autres indicateurs qualitatifs et quantitatifs relatifs \u00e0 la gouvernance de l\u2019entreprise, \u00e0 sa strat\u00e9gie \u00e0 moyen et long terme et aux perspectives futures du secteur dans lequel op\u00e8re l\u2019entreprise\u00bb, ajoutent-ils.<\/p>\n<p>Cette \u00e9tude pourrait aussi \u00eatre am\u00e9lior\u00e9 en capitalisant sur les avanc\u00e9es r\u00e9alis\u00e9es par l\u2019Observatoire Marocain de la TPME qui a mis en place en 2020 un dispositif informationnel unifi\u00e9 sur les entreprises marocaines \u00e0 partir des donn\u00e9es provenant de plusieurs institutions publiques.<\/p>\n<p>L\u2019article <a rel=\"nofollow\" href=\"http:\/\/albayane.press.ma\/la-vulnerabilite-des-entreprises-marocaines-relativement-stable.html\">La vuln\u00e9rabilit\u00e9 des entreprises marocaines relativement stable<\/a> est apparu en premier sur <a rel=\"nofollow\" href=\"http:\/\/albayane.press.ma\/\">ALBAYANE<\/a>.<\/p>\n<\/div>\n<p>Auteur: M&rsquo;hammed rahal<br \/>\n<a href=\"http:\/\/albayane.press.ma\/la-vulnerabilite-des-entreprises-marocaines-relativement-stable.html\">Cliquez ici pour lire l&rsquo;article depuis sa source.<\/a><\/p>\n","protected":false},"excerpt":{"rendered":"<p>Entre 2006 et 2019 La vuln\u00e9rabilit\u00e9 des entreprises marocaines est rest\u00e9e relativement stable durant la p\u00e9riode 2006-2019 quoiqu\u2019elle ait enregistr\u00e9 une l\u00e9g\u00e8re hausse \u00e0 partir de 2014 en lien avec l\u2019atonie de la croissance \u00e9conomique, selon un document de recherche publi\u00e9 par Bank Al-Maghrib (BAM). \u00abLe degr\u00e9 de vuln\u00e9rabilit\u00e9 d\u00e9pend des caract\u00e9ristiques individuelles des entreprises [&hellip;]<\/p>\n","protected":false},"author":1760,"featured_media":0,"comment_status":"closed","ping_status":"closed","sticky":false,"template":"","format":"standard","meta":{"fifu_image_url":"","fifu_image_alt":"","footnotes":""},"categories":[73,54],"tags":[],"class_list":["post-136888","post","type-post","status-publish","format-standard","hentry","category-actualite","category-maroc"],"_links":{"self":[{"href":"https:\/\/linitiative.ca\/International\/wp-json\/wp\/v2\/posts\/136888","targetHints":{"allow":["GET"]}}],"collection":[{"href":"https:\/\/linitiative.ca\/International\/wp-json\/wp\/v2\/posts"}],"about":[{"href":"https:\/\/linitiative.ca\/International\/wp-json\/wp\/v2\/types\/post"}],"author":[{"embeddable":true,"href":"https:\/\/linitiative.ca\/International\/wp-json\/wp\/v2\/users\/1760"}],"replies":[{"embeddable":true,"href":"https:\/\/linitiative.ca\/International\/wp-json\/wp\/v2\/comments?post=136888"}],"version-history":[{"count":0,"href":"https:\/\/linitiative.ca\/International\/wp-json\/wp\/v2\/posts\/136888\/revisions"}],"wp:attachment":[{"href":"https:\/\/linitiative.ca\/International\/wp-json\/wp\/v2\/media?parent=136888"}],"wp:term":[{"taxonomy":"category","embeddable":true,"href":"https:\/\/linitiative.ca\/International\/wp-json\/wp\/v2\/categories?post=136888"},{"taxonomy":"post_tag","embeddable":true,"href":"https:\/\/linitiative.ca\/International\/wp-json\/wp\/v2\/tags?post=136888"}],"curies":[{"name":"wp","href":"https:\/\/api.w.org\/{rel}","templated":true}]}}