{"id":136896,"date":"2021-12-26T04:49:07","date_gmt":"2021-12-26T09:49:07","guid":{"rendered":"https:\/\/linitiative.ca\/International\/donnees-personnelles-la-mdjs-adhere-au-programme-data-tika\/"},"modified":"2021-12-26T04:49:07","modified_gmt":"2021-12-26T09:49:07","slug":"donnees-personnelles-la-mdjs-adhere-au-programme-data-tika","status":"publish","type":"post","link":"https:\/\/linitiative.ca\/International\/donnees-personnelles-la-mdjs-adhere-au-programme-data-tika\/","title":{"rendered":"Donn\u00e9es personnelles: La MDJS adh\u00e8re au programme Data-Tika"},"content":{"rendered":"<div>\n<div class=\"field field-name-body field-type-text-with-summary field-label-hidden\">\n<div class=\"field-items\">\n<div class=\"field-item even\" property=\"content:encoded\">\n<p class=\"rtejustify\">La Marocaine des jeux et des sports (MDJS) adh\u00e8re au programme DATA-TIKA qui vise \u00e0 prot\u00e9ger le citoyen marocain au sein de l\u2019\u00e9cosyst\u00e8me num\u00e9rique et \u00e0 renforcer les mesures de protection des donn\u00e9es \u00e0 caract\u00e8re personnel. Elle a conclu, en ce sens, une convention de partenariat avec la Commission nationale de contr\u00f4le de la protection des donn\u00e9es \u00e0 caract\u00e8re personnel (CNDP). Cet accord, qui couvre une p\u00e9riode de 4 ans, vise \u00e0 accompagner la mise en conformit\u00e9 de l\u2019\u00e9cosyst\u00e8me de la MDJS en mati\u00e8re de protection des donn\u00e9es \u00e0 caract\u00e8re personnel.<\/p>\n<\/div>\n<\/div>\n<\/div>\n<\/div>\n<p>Auteur: hgueye<br \/>\n<a href=\"https:\/\/www.leconomiste.com\/flash-infos\/donnees-personnelles-la-mdjs-adhere-au-programme-data-tika\">Cliquez ici pour lire l&rsquo;article depuis sa source.<\/a><\/p>\n","protected":false},"excerpt":{"rendered":"<p>La Marocaine des jeux et des sports (MDJS) adh\u00e8re au programme DATA-TIKA qui vise \u00e0 prot\u00e9ger le citoyen marocain au sein de l\u2019\u00e9cosyst\u00e8me num\u00e9rique et \u00e0 renforcer les mesures de protection des donn\u00e9es \u00e0 caract\u00e8re personnel. Elle a conclu, en ce sens, une convention de partenariat avec la Commission nationale de contr\u00f4le de la protection [&hellip;]<\/p>\n","protected":false},"author":1763,"featured_media":0,"comment_status":"closed","ping_status":"closed","sticky":false,"template":"","format":"standard","meta":{"fifu_image_url":"","fifu_image_alt":"","footnotes":""},"categories":[78,54],"tags":[],"class_list":["post-136896","post","type-post","status-publish","format-standard","hentry","category-economie","category-maroc"],"_links":{"self":[{"href":"https:\/\/linitiative.ca\/International\/wp-json\/wp\/v2\/posts\/136896","targetHints":{"allow":["GET"]}}],"collection":[{"href":"https:\/\/linitiative.ca\/International\/wp-json\/wp\/v2\/posts"}],"about":[{"href":"https:\/\/linitiative.ca\/International\/wp-json\/wp\/v2\/types\/post"}],"author":[{"embeddable":true,"href":"https:\/\/linitiative.ca\/International\/wp-json\/wp\/v2\/users\/1763"}],"replies":[{"embeddable":true,"href":"https:\/\/linitiative.ca\/International\/wp-json\/wp\/v2\/comments?post=136896"}],"version-history":[{"count":0,"href":"https:\/\/linitiative.ca\/International\/wp-json\/wp\/v2\/posts\/136896\/revisions"}],"wp:attachment":[{"href":"https:\/\/linitiative.ca\/International\/wp-json\/wp\/v2\/media?parent=136896"}],"wp:term":[{"taxonomy":"category","embeddable":true,"href":"https:\/\/linitiative.ca\/International\/wp-json\/wp\/v2\/categories?post=136896"},{"taxonomy":"post_tag","embeddable":true,"href":"https:\/\/linitiative.ca\/International\/wp-json\/wp\/v2\/tags?post=136896"}],"curies":[{"name":"wp","href":"https:\/\/api.w.org\/{rel}","templated":true}]}}