{"id":136898,"date":"2021-12-26T06:40:31","date_gmt":"2021-12-26T11:40:31","guid":{"rendered":"https:\/\/linitiative.ca\/International\/bam-la-vulnerabilite-des-entreprises-marocaines-stable-entre-2006-et-2019\/"},"modified":"2021-12-26T06:40:31","modified_gmt":"2021-12-26T11:40:31","slug":"bam-la-vulnerabilite-des-entreprises-marocaines-stable-entre-2006-et-2019","status":"publish","type":"post","link":"https:\/\/linitiative.ca\/International\/bam-la-vulnerabilite-des-entreprises-marocaines-stable-entre-2006-et-2019\/","title":{"rendered":"BAM: \u00ab\u00a0La vuln\u00e9rabilit\u00e9 des entreprises marocaines stable entre 2006 et 2019\u00a0\u00bb"},"content":{"rendered":"<div>\n<div class=\"field field-name-body field-type-text-with-summary field-label-hidden\">\n<div class=\"field-items\">\n<div class=\"field-item even\" property=\"content:encoded\">\n<p class=\"rtejustify\">La vuln\u00e9rabilit\u00e9 des entreprises marocaines est rest\u00e9e stable durant la p\u00e9riode couvrant 2006 \u00e0 2019, selon une recherche de Bank Al-Maghrib (BAM). Quoiqu\u2019elle ait enregistr\u00e9 une l\u00e9g\u00e8re hausse \u00e0 partir de 2014 en lien avec l\u2019atonie de la croissance \u00e9conomique, la vuln\u00e9rabilit\u00e9 des entreprises marocaines est rest\u00e9e relativement stable durant cette p\u00e9riode.<\/p>\n<\/div>\n<\/div>\n<\/div>\n<\/div>\n<p>Auteur: hgueye<br \/>\n<a href=\"https:\/\/www.leconomiste.com\/flash-infos\/bam-la-vulnerabilite-des-entreprises-marocaines-stable-entre-2006-et-2019\">Cliquez ici pour lire l&rsquo;article depuis sa source.<\/a><\/p>\n","protected":false},"excerpt":{"rendered":"<p>La vuln\u00e9rabilit\u00e9 des entreprises marocaines est rest\u00e9e stable durant la p\u00e9riode couvrant 2006 \u00e0 2019, selon une recherche de Bank Al-Maghrib (BAM). Quoiqu\u2019elle ait enregistr\u00e9 une l\u00e9g\u00e8re hausse \u00e0 partir de 2014 en lien avec l\u2019atonie de la croissance \u00e9conomique, la vuln\u00e9rabilit\u00e9 des entreprises marocaines est rest\u00e9e relativement stable durant cette p\u00e9riode. Auteur: hgueye Cliquez [&hellip;]<\/p>\n","protected":false},"author":1763,"featured_media":0,"comment_status":"closed","ping_status":"closed","sticky":false,"template":"","format":"standard","meta":{"fifu_image_url":"","fifu_image_alt":"","footnotes":""},"categories":[78,54],"tags":[],"class_list":["post-136898","post","type-post","status-publish","format-standard","hentry","category-economie","category-maroc"],"_links":{"self":[{"href":"https:\/\/linitiative.ca\/International\/wp-json\/wp\/v2\/posts\/136898","targetHints":{"allow":["GET"]}}],"collection":[{"href":"https:\/\/linitiative.ca\/International\/wp-json\/wp\/v2\/posts"}],"about":[{"href":"https:\/\/linitiative.ca\/International\/wp-json\/wp\/v2\/types\/post"}],"author":[{"embeddable":true,"href":"https:\/\/linitiative.ca\/International\/wp-json\/wp\/v2\/users\/1763"}],"replies":[{"embeddable":true,"href":"https:\/\/linitiative.ca\/International\/wp-json\/wp\/v2\/comments?post=136898"}],"version-history":[{"count":0,"href":"https:\/\/linitiative.ca\/International\/wp-json\/wp\/v2\/posts\/136898\/revisions"}],"wp:attachment":[{"href":"https:\/\/linitiative.ca\/International\/wp-json\/wp\/v2\/media?parent=136898"}],"wp:term":[{"taxonomy":"category","embeddable":true,"href":"https:\/\/linitiative.ca\/International\/wp-json\/wp\/v2\/categories?post=136898"},{"taxonomy":"post_tag","embeddable":true,"href":"https:\/\/linitiative.ca\/International\/wp-json\/wp\/v2\/tags?post=136898"}],"curies":[{"name":"wp","href":"https:\/\/api.w.org\/{rel}","templated":true}]}}