{"id":136905,"date":"2021-12-26T03:00:00","date_gmt":"2021-12-26T08:00:00","guid":{"rendered":"https:\/\/linitiative.ca\/International\/la-chine-va-adopter-une-politique-dassouplissement-en-raison-des-craintes-dune-recession-economique-plus-severe\/"},"modified":"2021-12-26T03:00:00","modified_gmt":"2021-12-26T08:00:00","slug":"la-chine-va-adopter-une-politique-dassouplissement-en-raison-des-craintes-dune-recession-economique-plus-severe","status":"publish","type":"post","link":"https:\/\/linitiative.ca\/International\/la-chine-va-adopter-une-politique-dassouplissement-en-raison-des-craintes-dune-recession-economique-plus-severe\/","title":{"rendered":"La Chine va adopter une politique d&rsquo;assouplissement en raison des craintes d&rsquo;une r\u00e9cession \u00e9conomique plus s\u00e9v\u00e8re"},"content":{"rendered":"<div><img decoding=\"async\" src=\"https:\/\/linitiative.ca\/International\/wp-content\/uploads\/sites\/23\/2021\/12\/1640364391_article.jpg\" alt=\"La Chine va adopter une politique d\" assouplissement en raison des craintes d r plus s align=\"left\">Malgr\u00e9 les r\u00e9centes inqui\u00e9tudes concernant le variant Covid-19 Omicron, la reprise \u00e9conomique mondiale demeure forte et les indicateurs d&rsquo;activit\u00e9 de la plupart des \u00e9conomies avanc\u00e9es se situent confortablement en phase de progression. En fait, la vigueur de la reprise, conjugu\u00e9e aux pressions inflationnistes, conduit d\u00e9j\u00e0 \u00e0 un revirement au niveau des orientations politiques de plusieurs banques centrales. Les responsables politiques passent de mesures accommodantes \u00e0 une \u00ab\u00a0normalisation\u00a0\u00bb, voire \u00e0 un resserrement. Cela a m\u00eame conduit \u00e0 une position plus \u00a0\u00bb Drastique \u00a0\u00bb de la R\u00e9serve f\u00e9d\u00e9rale am\u00e9ricaine et de la Banque Centrale Europ\u00e9enne.<br \/>\nEn revanche, la Chine conna\u00eet &#8230;<\/p>\n<\/div>\n<p>Auteur:<br \/>\n<a href=\"https:\/\/www.leaders.com.tn\/article\/32802-la-chine-va-adopter-une-politique-d-assouplissement-en-raison-des-craintes-d-une-revision-economique-plus-severe\">Cliquez ici pour lire l&rsquo;article depuis sa source.<\/a><\/p>\n","protected":false},"excerpt":{"rendered":"<p>Malgr\u00e9 les r\u00e9centes inqui\u00e9tudes concernant le variant Covid-19 Omicron, la reprise \u00e9conomique mondiale demeure forte et les indicateurs d&rsquo;activit\u00e9 de la plupart des \u00e9conomies avanc\u00e9es se situent confortablement en phase de progression. En fait, la vigueur de la reprise, conjugu\u00e9e aux pressions inflationnistes, conduit d\u00e9j\u00e0 \u00e0 un revirement au niveau des orientations politiques de plusieurs [&hellip;]<\/p>\n","protected":false},"author":1772,"featured_media":0,"comment_status":"closed","ping_status":"closed","sticky":false,"template":"","format":"standard","meta":{"fifu_image_url":"http:\/\/www.leaders.com.tn\/uploads\/content\/thumbnails_small\/1640364391_article.jpg","fifu_image_alt":"<div>La Chine va adopter une politique d'assouplissement en raison des craintes d'une r\u00e9cession \u00e9conomique plus s\u00e9v\u00e8re<\/div>","footnotes":""},"categories":[73,55],"tags":[],"class_list":["post-136905","post","type-post","status-publish","format-standard","hentry","category-actualite","category-tunisie"],"_links":{"self":[{"href":"https:\/\/linitiative.ca\/International\/wp-json\/wp\/v2\/posts\/136905","targetHints":{"allow":["GET"]}}],"collection":[{"href":"https:\/\/linitiative.ca\/International\/wp-json\/wp\/v2\/posts"}],"about":[{"href":"https:\/\/linitiative.ca\/International\/wp-json\/wp\/v2\/types\/post"}],"author":[{"embeddable":true,"href":"https:\/\/linitiative.ca\/International\/wp-json\/wp\/v2\/users\/1772"}],"replies":[{"embeddable":true,"href":"https:\/\/linitiative.ca\/International\/wp-json\/wp\/v2\/comments?post=136905"}],"version-history":[{"count":0,"href":"https:\/\/linitiative.ca\/International\/wp-json\/wp\/v2\/posts\/136905\/revisions"}],"wp:attachment":[{"href":"https:\/\/linitiative.ca\/International\/wp-json\/wp\/v2\/media?parent=136905"}],"wp:term":[{"taxonomy":"category","embeddable":true,"href":"https:\/\/linitiative.ca\/International\/wp-json\/wp\/v2\/categories?post=136905"},{"taxonomy":"post_tag","embeddable":true,"href":"https:\/\/linitiative.ca\/International\/wp-json\/wp\/v2\/tags?post=136905"}],"curies":[{"name":"wp","href":"https:\/\/api.w.org\/{rel}","templated":true}]}}