{"id":136907,"date":"2021-12-26T04:24:00","date_gmt":"2021-12-26T09:24:00","guid":{"rendered":"https:\/\/linitiative.ca\/International\/mohamed-salah-ben-ammar-2021-une-annee-en-trompe-loeil\/"},"modified":"2021-12-26T04:24:00","modified_gmt":"2021-12-26T09:24:00","slug":"mohamed-salah-ben-ammar-2021-une-annee-en-trompe-loeil","status":"publish","type":"post","link":"https:\/\/linitiative.ca\/International\/mohamed-salah-ben-ammar-2021-une-annee-en-trompe-loeil\/","title":{"rendered":"Mohamed Salah Ben Ammar: 2021, une ann\u00e9e en trompe l&rsquo;\u0153il"},"content":{"rendered":"<div><img decoding=\"async\" src=\"https:\/\/linitiative.ca\/International\/wp-content\/uploads\/sites\/23\/2021\/12\/1640511084_article.jpg\" alt=\"Mohamed Salah Ben Ammar: 2021, une ann\u00e9e en trompe l\" align=\"left\">Sans conteste, la pand\u00e9mie mondiale Covid 19 a continu\u00e9 de rythmer nos vies en 2021. Elle a impos\u00e9 ses hauts et ses bas, de courtes p\u00e9riodes d&rsquo;esp\u00e9rance et d&rsquo;interminables p\u00e9riodes de grande lassitude. Les douleurs caus\u00e9es par les pertes cruelles de parents, d\u2019amis et de centaines de tunisiens sont encore vives. Longtemps encore, elles impacteront nos vies. Malgr\u00e9 les diff\u00e9rences, chaque continent, chaque pays, chaque r\u00e9gion a eu son propre ressenti. Entre le v\u00e9cu et le per\u00e7u des foss\u00e9s se sont creus\u00e9s, les politiciens et les m\u00e9dias sociaux sont pour beaucoup dans cette dissociation. A un moment ou un autre chacun a eu la conviction d\u2019\u00eatre plus impact\u00e9s que le voisin &#8230;<\/p>\n<\/div>\n<p>Auteur:<br \/>\n<a href=\"https:\/\/www.leaders.com.tn\/article\/32806-mohamed-salah-ben-ammar-2021-une-annee-en-trompe-l-oeil\">Cliquez ici pour lire l&rsquo;article depuis sa source.<\/a><\/p>\n","protected":false},"excerpt":{"rendered":"<p>Sans conteste, la pand\u00e9mie mondiale Covid 19 a continu\u00e9 de rythmer nos vies en 2021. Elle a impos\u00e9 ses hauts et ses bas, de courtes p\u00e9riodes d&rsquo;esp\u00e9rance et d&rsquo;interminables p\u00e9riodes de grande lassitude. Les douleurs caus\u00e9es par les pertes cruelles de parents, d\u2019amis et de centaines de tunisiens sont encore vives. Longtemps encore, elles impacteront [&hellip;]<\/p>\n","protected":false},"author":1772,"featured_media":0,"comment_status":"closed","ping_status":"closed","sticky":false,"template":"","format":"standard","meta":{"fifu_image_url":"http:\/\/www.leaders.com.tn\/uploads\/content\/thumbnails_small\/1640511084_article.jpg","fifu_image_alt":"<div>Mohamed Salah Ben Ammar: 2021, une ann\u00e9e en trompe l'\u0153il<\/div>","footnotes":""},"categories":[73,55],"tags":[],"class_list":["post-136907","post","type-post","status-publish","format-standard","hentry","category-actualite","category-tunisie"],"_links":{"self":[{"href":"https:\/\/linitiative.ca\/International\/wp-json\/wp\/v2\/posts\/136907","targetHints":{"allow":["GET"]}}],"collection":[{"href":"https:\/\/linitiative.ca\/International\/wp-json\/wp\/v2\/posts"}],"about":[{"href":"https:\/\/linitiative.ca\/International\/wp-json\/wp\/v2\/types\/post"}],"author":[{"embeddable":true,"href":"https:\/\/linitiative.ca\/International\/wp-json\/wp\/v2\/users\/1772"}],"replies":[{"embeddable":true,"href":"https:\/\/linitiative.ca\/International\/wp-json\/wp\/v2\/comments?post=136907"}],"version-history":[{"count":0,"href":"https:\/\/linitiative.ca\/International\/wp-json\/wp\/v2\/posts\/136907\/revisions"}],"wp:attachment":[{"href":"https:\/\/linitiative.ca\/International\/wp-json\/wp\/v2\/media?parent=136907"}],"wp:term":[{"taxonomy":"category","embeddable":true,"href":"https:\/\/linitiative.ca\/International\/wp-json\/wp\/v2\/categories?post=136907"},{"taxonomy":"post_tag","embeddable":true,"href":"https:\/\/linitiative.ca\/International\/wp-json\/wp\/v2\/tags?post=136907"}],"curies":[{"name":"wp","href":"https:\/\/api.w.org\/{rel}","templated":true}]}}