{"id":136911,"date":"2021-12-26T05:00:00","date_gmt":"2021-12-26T10:00:00","guid":{"rendered":"https:\/\/linitiative.ca\/International\/drame-lors-du-match-asm-oran-mc-saida\/"},"modified":"2021-12-26T05:00:00","modified_gmt":"2021-12-26T10:00:00","slug":"drame-lors-du-match-asm-oran-mc-saida","status":"publish","type":"post","link":"https:\/\/linitiative.ca\/International\/drame-lors-du-match-asm-oran-mc-saida\/","title":{"rendered":"Drame lors du match ASM Oran-MC Sa\u00efda"},"content":{"rendered":"<div>Le football alg\u00e9rien continue de faucher la jeunesse sportive. Malgr\u00e9 les assurances des dirigeants qui font valoir un syst\u00e8me infaillible. Hier, dans le vieux stade Habib-Bouakeul \u00e0 Oran, un footballeur a perdu la<\/div>\n<p>Auteur:<br \/>\n<a href=\"https:\/\/www.lesoirdalgerie.com\/sports\/drame-lors-du-match-asm-oran-mc-saida-72708\">Cliquez ici pour lire l&rsquo;article depuis sa source.<\/a><\/p>\n","protected":false},"excerpt":{"rendered":"<p>Le football alg\u00e9rien continue de faucher la jeunesse sportive. Malgr\u00e9 les assurances des dirigeants qui font valoir un syst\u00e8me infaillible. Hier, dans le vieux stade Habib-Bouakeul \u00e0 Oran, un footballeur a perdu la Auteur: Cliquez ici pour lire l&rsquo;article depuis sa source.<\/p>\n","protected":false},"author":1741,"featured_media":0,"comment_status":"closed","ping_status":"closed","sticky":false,"template":"","format":"standard","meta":{"fifu_image_url":"","fifu_image_alt":"","footnotes":""},"categories":[73,53],"tags":[],"class_list":["post-136911","post","type-post","status-publish","format-standard","hentry","category-actualite","category-algerie"],"_links":{"self":[{"href":"https:\/\/linitiative.ca\/International\/wp-json\/wp\/v2\/posts\/136911","targetHints":{"allow":["GET"]}}],"collection":[{"href":"https:\/\/linitiative.ca\/International\/wp-json\/wp\/v2\/posts"}],"about":[{"href":"https:\/\/linitiative.ca\/International\/wp-json\/wp\/v2\/types\/post"}],"author":[{"embeddable":true,"href":"https:\/\/linitiative.ca\/International\/wp-json\/wp\/v2\/users\/1741"}],"replies":[{"embeddable":true,"href":"https:\/\/linitiative.ca\/International\/wp-json\/wp\/v2\/comments?post=136911"}],"version-history":[{"count":0,"href":"https:\/\/linitiative.ca\/International\/wp-json\/wp\/v2\/posts\/136911\/revisions"}],"wp:attachment":[{"href":"https:\/\/linitiative.ca\/International\/wp-json\/wp\/v2\/media?parent=136911"}],"wp:term":[{"taxonomy":"category","embeddable":true,"href":"https:\/\/linitiative.ca\/International\/wp-json\/wp\/v2\/categories?post=136911"},{"taxonomy":"post_tag","embeddable":true,"href":"https:\/\/linitiative.ca\/International\/wp-json\/wp\/v2\/tags?post=136911"}],"curies":[{"name":"wp","href":"https:\/\/api.w.org\/{rel}","templated":true}]}}