{"id":136912,"date":"2021-12-26T05:00:00","date_gmt":"2021-12-26T10:00:00","guid":{"rendered":"https:\/\/linitiative.ca\/International\/sursaut-desespere-et-interets\/"},"modified":"2021-12-26T05:00:00","modified_gmt":"2021-12-26T10:00:00","slug":"sursaut-desespere-et-interets","status":"publish","type":"post","link":"https:\/\/linitiative.ca\/International\/sursaut-desespere-et-interets\/","title":{"rendered":"Sursaut d\u00e9sesp\u00e9r\u00e9 et int\u00e9r\u00eats"},"content":{"rendered":"<div>En rangs unis ou dispers\u00e9s, les clubs europ\u00e9ens qui voient leurs internationaux africains rejoindre leurs s\u00e9lections pour disputer la CAN \u00e0 compter du 9 janvier n\u2019entendent pas faciliter la t\u00e2che ni aux joueurs ni \u00e0<\/div>\n<p>Auteur:<br \/>\n<a href=\"https:\/\/www.lesoirdalgerie.com\/sports\/sursaut-desespere-et-interets-72707\">Cliquez ici pour lire l&rsquo;article depuis sa source.<\/a><\/p>\n","protected":false},"excerpt":{"rendered":"<p>En rangs unis ou dispers\u00e9s, les clubs europ\u00e9ens qui voient leurs internationaux africains rejoindre leurs s\u00e9lections pour disputer la CAN \u00e0 compter du 9 janvier n\u2019entendent pas faciliter la t\u00e2che ni aux joueurs ni \u00e0 Auteur: Cliquez ici pour lire l&rsquo;article depuis sa source.<\/p>\n","protected":false},"author":1741,"featured_media":0,"comment_status":"closed","ping_status":"closed","sticky":false,"template":"","format":"standard","meta":{"fifu_image_url":"","fifu_image_alt":"","footnotes":""},"categories":[73,53],"tags":[],"class_list":["post-136912","post","type-post","status-publish","format-standard","hentry","category-actualite","category-algerie"],"_links":{"self":[{"href":"https:\/\/linitiative.ca\/International\/wp-json\/wp\/v2\/posts\/136912","targetHints":{"allow":["GET"]}}],"collection":[{"href":"https:\/\/linitiative.ca\/International\/wp-json\/wp\/v2\/posts"}],"about":[{"href":"https:\/\/linitiative.ca\/International\/wp-json\/wp\/v2\/types\/post"}],"author":[{"embeddable":true,"href":"https:\/\/linitiative.ca\/International\/wp-json\/wp\/v2\/users\/1741"}],"replies":[{"embeddable":true,"href":"https:\/\/linitiative.ca\/International\/wp-json\/wp\/v2\/comments?post=136912"}],"version-history":[{"count":0,"href":"https:\/\/linitiative.ca\/International\/wp-json\/wp\/v2\/posts\/136912\/revisions"}],"wp:attachment":[{"href":"https:\/\/linitiative.ca\/International\/wp-json\/wp\/v2\/media?parent=136912"}],"wp:term":[{"taxonomy":"category","embeddable":true,"href":"https:\/\/linitiative.ca\/International\/wp-json\/wp\/v2\/categories?post=136912"},{"taxonomy":"post_tag","embeddable":true,"href":"https:\/\/linitiative.ca\/International\/wp-json\/wp\/v2\/tags?post=136912"}],"curies":[{"name":"wp","href":"https:\/\/api.w.org\/{rel}","templated":true}]}}