{"id":136914,"date":"2021-12-26T05:00:00","date_gmt":"2021-12-26T10:00:00","guid":{"rendered":"https:\/\/linitiative.ca\/International\/les-supporters-saluent-le-limogeage-de-denis-lavagne\/"},"modified":"2021-12-26T05:00:00","modified_gmt":"2021-12-26T10:00:00","slug":"les-supporters-saluent-le-limogeage-de-denis-lavagne","status":"publish","type":"post","link":"https:\/\/linitiative.ca\/International\/les-supporters-saluent-le-limogeage-de-denis-lavagne\/","title":{"rendered":"Les supporters saluent le limogeage de Denis Lavagne"},"content":{"rendered":"<div>La nouvelle du limogeage de l\u2019entra\u00eeneur Denis Lavagne par la direction de l\u2019USM Alger, qui annonce avoir mis fin \u00e0 la mission du technicien fran\u00e7ais, a \u00e9t\u00e9 accueillie avec une grande satisfaction par les supporters des Rouge et Noir<\/div>\n<p>Auteur:<br \/>\n<a href=\"https:\/\/www.lesoirdalgerie.com\/sports\/les-supporters-saluent-le-limogeage-de-denis-lavagne-72705\">Cliquez ici pour lire l&rsquo;article depuis sa source.<\/a><\/p>\n","protected":false},"excerpt":{"rendered":"<p>La nouvelle du limogeage de l\u2019entra\u00eeneur Denis Lavagne par la direction de l\u2019USM Alger, qui annonce avoir mis fin \u00e0 la mission du technicien fran\u00e7ais, a \u00e9t\u00e9 accueillie avec une grande satisfaction par les supporters des Rouge et Noir Auteur: Cliquez ici pour lire l&rsquo;article depuis sa source.<\/p>\n","protected":false},"author":1741,"featured_media":0,"comment_status":"closed","ping_status":"closed","sticky":false,"template":"","format":"standard","meta":{"fifu_image_url":"","fifu_image_alt":"","footnotes":""},"categories":[73,53],"tags":[],"class_list":["post-136914","post","type-post","status-publish","format-standard","hentry","category-actualite","category-algerie"],"_links":{"self":[{"href":"https:\/\/linitiative.ca\/International\/wp-json\/wp\/v2\/posts\/136914","targetHints":{"allow":["GET"]}}],"collection":[{"href":"https:\/\/linitiative.ca\/International\/wp-json\/wp\/v2\/posts"}],"about":[{"href":"https:\/\/linitiative.ca\/International\/wp-json\/wp\/v2\/types\/post"}],"author":[{"embeddable":true,"href":"https:\/\/linitiative.ca\/International\/wp-json\/wp\/v2\/users\/1741"}],"replies":[{"embeddable":true,"href":"https:\/\/linitiative.ca\/International\/wp-json\/wp\/v2\/comments?post=136914"}],"version-history":[{"count":0,"href":"https:\/\/linitiative.ca\/International\/wp-json\/wp\/v2\/posts\/136914\/revisions"}],"wp:attachment":[{"href":"https:\/\/linitiative.ca\/International\/wp-json\/wp\/v2\/media?parent=136914"}],"wp:term":[{"taxonomy":"category","embeddable":true,"href":"https:\/\/linitiative.ca\/International\/wp-json\/wp\/v2\/categories?post=136914"},{"taxonomy":"post_tag","embeddable":true,"href":"https:\/\/linitiative.ca\/International\/wp-json\/wp\/v2\/tags?post=136914"}],"curies":[{"name":"wp","href":"https:\/\/api.w.org\/{rel}","templated":true}]}}