{"id":136933,"date":"2021-12-26T17:34:58","date_gmt":"2021-12-26T22:34:58","guid":{"rendered":"https:\/\/linitiative.ca\/International\/djakaridia-siribie-journaliste-a-propos-de-ladji-yoro-il-y-avait-toujours-dans-son-sac-un-drapeau-du-burkina\/"},"modified":"2021-12-26T17:34:58","modified_gmt":"2021-12-26T22:34:58","slug":"djakaridia-siribie-journaliste-a-propos-de-ladji-yoro-il-y-avait-toujours-dans-son-sac-un-drapeau-du-burkina","status":"publish","type":"post","link":"https:\/\/linitiative.ca\/International\/djakaridia-siribie-journaliste-a-propos-de-ladji-yoro-il-y-avait-toujours-dans-son-sac-un-drapeau-du-burkina\/","title":{"rendered":"Djakaridia Siribi\u00e9, journaliste, \u00e0 propos de Ladji Y\u00f4r\u00f4  : \u00ab Il y avait toujours, dans son sac,  un drapeau du Burkina \u00bb"},"content":{"rendered":"<div>\n<p>Auteur d\u2019un grand reportage sur les VDP du Loroum, le journaliste Djakaridia Siribi\u00e9 des Editions Sidwaya a pass\u00e9 pr\u00e8s d\u2019une semaine avec Ladji Y\u00f4r\u00f4 et ses hommes. Il revient, dans cette interview, sur les p\u00e9rip\u00e9ties de ce s\u00e9jour et de sa rencontre avec l\u2019\u00ab intr\u00e9pide guerrier \u00bb.<\/p>\n<p><strong>Sidwaya (S) : Dites-nous dans quelles conditions, ce reportage a \u00e9t\u00e9 r\u00e9alis\u00e9 ? <\/strong><\/p>\n<p><strong>Djakaridia Siribi\u00e9 (D.S.)<\/strong> : Notre objectif en nous rendant \u00e0 Soll\u00e9 \u00e9tait de partager le quotidien des Volontaires pour la d\u00e9fense de la patrie (VDP) au front. Il s\u2019agissait surtout, pour nous, de nous enqu\u00e9rir des conditions dans lesquelles ils faisaient face aux groupes arm\u00e9s terroristes, de leur niveau d\u2019engagement, d\u2019\u00e9quipements et de savoir s\u2019ils \u00e9taient bien pris en charge et de faire part de leur contribution \u00e0 la lutte contre le terrorisme aux c\u00f4t\u00e9s des Forces de d\u00e9fense et de s\u00e9curit\u00e9. Le choix du Lorum s\u2019est impos\u00e9 par le fait que c\u2019est une zone assez recul\u00e9e. De Soll\u00e9, nous sommes \u00e0 moins de 20 km du Mali. Il y a aussi le fait que les VDP de cette zone avaient beaucoup fait parler d\u2019eux sur les r\u00e9seaux sociaux. Sur place, nous avons pu effectivement nous rendre compte de leur immense contribution \u00e0 apporter une certaine qui\u00e9tude aux populations et surtout de l\u2019espoir qu\u2019ils repr\u00e9sentaient, m\u00eame s\u2019ils travaillaient dans des conditions pr\u00e9caires, avec des armes peu adapt\u00e9es \u00e0 la situation et insuffisantes et qu\u2019ils avaient souvent du mal \u00e0 joindre les deux bouts. Il faut rappeler que la plupart sont des paysans, des \u00e9leveurs et des commer\u00e7ants qui ont tout laiss\u00e9 pour se consacrer \u00e0 cette lutte<\/p>\n<p><strong>S : Quelle a \u00e9t\u00e9 l\u2019impression qu\u2019il vous a laiss\u00e9 lorsque vous l\u2019avez rencontr\u00e9 pour la premi\u00e8re fois ? <\/strong><\/p>\n<p><strong>D. S.<\/strong> : C\u2019est l\u2019un de ses hommes de main qui m\u2019a conduit de Titao \u00e0 Soll\u00e9. Nous sommes arriv\u00e9s autour de 9h. Il devait monter la garde \u00e0 6h. Donc il m\u2019a laiss\u00e9 devant une boutique et c\u2019est Ladji Y\u00f4r\u00f4, lui-m\u00eame qui est venu me chercher. J\u2019ai rencontr\u00e9 ce jour-l\u00e0 un homme humble, au contact facile, avec qui j\u2019ai beaucoup \u00e9chang\u00e9 avant de savoir que c\u2019\u00e9tait lui. Il savait se fondre dans la masse, comme on le dit. J\u2019ai vu quelqu\u2019un de disponible et \u00e0 l\u2019\u00e9coute de ses hommes. Il rendait visite aux familles de ses hommes au front, pour \u00e9changer avec elles, prendre de leurs nouvelles.<\/p>\n<p><strong>S : Pensiez-vous \u00e0 ce moment-l\u00e0 avoir affaire \u00e0 un homme d\u00e9sesp\u00e9r\u00e9 ou pr\u00eat \u00e0 mourir pour son pays ? <\/strong><\/p>\n<p><strong>D. S.<\/strong> : J\u2019ai eu affaire \u00e0 un homme de valeur et de conviction, convaincu que le Burkina ne tombera jamais sous le joug des terroristes. Pour lui, la lutte contre le terrorisme \u00e9tait d\u2019abord une question de volont\u00e9 politique. Il a salu\u00e9 l\u2019option d\u2019engager des civils, parce que, selon lui, ils ont une bonne ma\u00eetrise du terrain et n\u2019ont d\u2019autres choix que de se battre pour leur patrie. A son sens, si les VDP \u00e9taient bien \u00e9quip\u00e9s et leurs familles bien accompagn\u00e9es et avaient une certaine marge de man\u0153uvre, la fin du terrorisme au Burkina ne serait qu\u2019une question de mois. D\u2019ailleurs, il avait commenc\u00e9 \u00e0 r\u00e9fl\u00e9chir \u00e0 ce qu\u2019il ferait une fois cette histoire termin\u00e9e. Souma\u00efla Ganam\u00e9 \u00e9tait bas\u00e9 au Mali, dans le village de Y\u00f4r\u00f4, o\u00f9 il gagnait bien sa vie. La seule raison pour laquelle il est rentr\u00e9 au Burkina, c\u2019est pour d\u00e9fendre sa patrie. Dans son sac qu\u2019il portait en bandouli\u00e8re, il y avait toujours un drapeau du Burkina. Sa conviction \u00e9tait que ni lui, ni ses parents ne seront soumis aux terroristes. Son engagement dans la lutte contre le terrorisme \u00e9tait loin d\u2019\u00eatre une question d\u2019argent ou de gloire. Il aimait son pays et \u00e9tait pr\u00eat \u00e0 lui donner sa vie. C\u2019est d\u2019ailleurs ce qu\u2019il a fait.<\/p>\n<p><strong> S : A-t-il partag\u00e9 des confidences avec vous ? <\/strong><\/p>\n<p><strong>D. S<\/strong>. : Il faut dire qu\u2019il a \u00e9t\u00e9 mon guide \u00e0 Soll\u00e9, durant tout mon s\u00e9jour. A mon retour, nous avons gard\u00e9 de bons rapports. Il me faisait part de ses inqui\u00e9tudes, au vu de la mont\u00e9e en puissance des groupes arm\u00e9s dans la r\u00e9gion du Nord. Il craignait effectivement qu\u2019il y ait des infiltr\u00e9s et\/ou des traitres dans leurs rangs. Il faut dire que l\u2019homme a \u00e9chapp\u00e9 \u00e0 au moins quatre embuscades de juin 2020 au 23 d\u00e9cembre 2021. Il m\u2019a fait savoir que d\u2019autres \u00e9taient des guets-apens avec des complicit\u00e9s internes. Il estime qu\u2019il fallait nettoyer l\u2019\u00e9curie. L\u2019autre sujet de nos conversations \u00e9tait l\u2019\u00e9quipement des VDP. Ses hommes ont eu des dotations en moyens de d\u00e9placement mais l\u2019armement restait un probl\u00e8me. Il y a aussi la prise en charge des VDP et celle de leurs familles. Il ne comprenait pas que ses hommes se battent pour le pays et que leurs familles meurent de faim. Cela le rongeait \u00e9norm\u00e9ment.<\/p>\n<p><strong> S : Avez-vous quelques anecdotes \u00e0 l\u2019issue de cette rencontre de l\u2019homme et ses compagnons ? <\/strong><\/p>\n<p><strong>D. S.<\/strong> : Ce qui m\u2019a le plus marqu\u00e9 chez les VDP de Soll\u00e9, c\u2019est leur organisation. Chacun a un r\u00f4le \u00e0 jouer. Chacun a son mot \u00e0 dire. Au Quartier g\u00e9n\u00e9ral (QG) des VDP \u00e0 Soll\u00e9, il \u00e9tait difficile de savoir qui \u00e9tait le chef. Souvent, vous trouverez Ladji assis sur un banc ou \u00e0 m\u00eame le sol, comme tout le monde. Il n\u2019y avait pas de diff\u00e9rence. Je pense que tout le monde se sentait \u00e9cout\u00e9 et important, m\u00eame si la derni\u00e8re d\u00e9cision revenait \u00e0 Ladji Y\u00f4r\u00f4. Cela fait qu\u2019il n\u2019y avait pas de barri\u00e8re entre eux. Ainsi, tout le monde \u00e9tait engag\u00e9. L\u2019autre aspect qui m\u2019a touch\u00e9, c\u2019est le fait qu\u2019il partait au front avec eux. J\u2019ai pu le constater lors d\u2019une patrouille au cours de laquelle il \u00e9tait devant ses hommes. Ce jour-l\u00e0, il m\u2019a dit que c\u2019\u00e9tait la meilleure mani\u00e8re de montrer la voie \u00e0 ses hommes. Il n\u2019\u00e9tait pas seulement un donneur d\u2019ordre, il \u00e9tait un commandant en chef. Un autre fait qui a retenu mon attention, c\u2019est que Soll\u00e9 \u00e9tait devenu un centre de formation pour les VDP des autres localit\u00e9s du pays. J\u2019ai rencontr\u00e9 un responsable des VDP d\u2019un village lointain, venu s\u2019enqu\u00e9rir des conditions et de la disponibilit\u00e9 de Y\u00f4r\u00f4 \u00e0 les former.<\/p>\n<p><strong>S : Quel souvenir gardez-vous au final de cet intr\u00e9pide soldat que le Burkina pleure ? <\/strong><\/p>\n<p><strong>D. S.<\/strong> : Je dirais, un patriote qui s\u2019est battu et est mort pour sa patrie. Il m\u2019a dit exactement ceci : \u00ab Si je dois mourir dans cette lutte, autant que ce soit au front, en d\u00e9fendant ma patrie \u00bb. Cela en dit long sur son patriotisme.<\/p>\n<p><strong> S : La lutte contre le terrorisme va-t-elle, \u00e0 votre avis, prendre un coup s\u00e9rieux ou la rel\u00e8ve est-elle assur\u00e9e ? <\/strong><\/p>\n<p><strong>D. S<\/strong>. : La lutte prendra d\u2019une certaine mani\u00e8re un s\u00e9rieux coup. Ladji Y\u00f4r\u00f4 \u00e9tait un symbole et les symboles sont sacr\u00e9s. Il \u00e9tait le visage de la r\u00e9sistance des VDP, celui de la r\u00e9silience des populations et celui de l\u2019espoir de tout le Lorum. C\u2019est un pilier qui s\u2019effondre, en termes de mobilisation et de galvanisation des hommes. Gr\u00e2ce \u00e0 lui, de nombreux jeunes ont rejoint la lutte. Il faut dire aussi qu\u2019il \u00e9tait un \u00e9l\u00e9ment important du dispositif de renseignement du pays dans la zone. C\u2019est une grosse perte. J\u2019ai rappel\u00e9 plusieurs fois la tr\u00e8s bonne organisation des VDP du Loroum. Ladji n\u2019\u00e9tait pas le chef mais plut\u00f4t le chef des op\u00e9rations, le commandant de la troupe. Donc on ne peut qu\u2019esp\u00e9rer que le \u00ab nouveau chef \u00bb maintienne la flamme de l\u2019engagement des jeunes.<\/p>\n<p style=\"text-align: right\"><strong> Interview r\u00e9alis\u00e9e par <\/strong><\/p>\n<p style=\"text-align: right\"><strong>W. Aubin NANA <\/strong><\/p>\n<p>L\u2019article <a rel=\"nofollow\" href=\"https:\/\/www.sidwaya.info\/blog\/2021\/12\/26\/djakaridia-siribie-journaliste-a-propos-de-ladji-yoro-il-y-avait-toujours-dans-son-sac-un-drapeau-du-burkina\/\">Djakaridia Siribi\u00e9, journaliste, \u00e0 propos de Ladji Y\u00f4r\u00f4  : \u00ab Il y avait toujours, dans son sac,  un drapeau du Burkina \u00bb<\/a> est apparu en premier sur <a rel=\"nofollow\" href=\"https:\/\/www.sidwaya.info\/\">Quotidien Sidwaya<\/a>.<\/p>\n<\/div>\n<p>Auteur: JK. Sidwaya<br \/>\n<a href=\"https:\/\/www.sidwaya.info\/blog\/2021\/12\/26\/djakaridia-siribie-journaliste-a-propos-de-ladji-yoro-il-y-avait-toujours-dans-son-sac-un-drapeau-du-burkina\/\">Cliquez ici pour lire l&rsquo;article depuis sa source.<\/a><\/p>\n","protected":false},"excerpt":{"rendered":"<p>Auteur d\u2019un grand reportage sur les VDP du Loroum, le journaliste Djakaridia Siribi\u00e9 des Editions Sidwaya a pass\u00e9 pr\u00e8s d\u2019une semaine avec Ladji Y\u00f4r\u00f4 et ses hommes. Il revient, dans cette interview, sur les p\u00e9rip\u00e9ties de ce s\u00e9jour et de sa rencontre avec l\u2019\u00ab intr\u00e9pide guerrier \u00bb. Sidwaya (S) : Dites-nous dans quelles conditions, ce [&hellip;]<\/p>\n","protected":false},"author":1816,"featured_media":0,"comment_status":"closed","ping_status":"closed","sticky":false,"template":"","format":"standard","meta":{"fifu_image_url":"","fifu_image_alt":"","footnotes":""},"categories":[73,81],"tags":[],"class_list":["post-136933","post","type-post","status-publish","format-standard","hentry","category-actualite","category-burkina-faso"],"_links":{"self":[{"href":"https:\/\/linitiative.ca\/International\/wp-json\/wp\/v2\/posts\/136933","targetHints":{"allow":["GET"]}}],"collection":[{"href":"https:\/\/linitiative.ca\/International\/wp-json\/wp\/v2\/posts"}],"about":[{"href":"https:\/\/linitiative.ca\/International\/wp-json\/wp\/v2\/types\/post"}],"author":[{"embeddable":true,"href":"https:\/\/linitiative.ca\/International\/wp-json\/wp\/v2\/users\/1816"}],"replies":[{"embeddable":true,"href":"https:\/\/linitiative.ca\/International\/wp-json\/wp\/v2\/comments?post=136933"}],"version-history":[{"count":0,"href":"https:\/\/linitiative.ca\/International\/wp-json\/wp\/v2\/posts\/136933\/revisions"}],"wp:attachment":[{"href":"https:\/\/linitiative.ca\/International\/wp-json\/wp\/v2\/media?parent=136933"}],"wp:term":[{"taxonomy":"category","embeddable":true,"href":"https:\/\/linitiative.ca\/International\/wp-json\/wp\/v2\/categories?post=136933"},{"taxonomy":"post_tag","embeddable":true,"href":"https:\/\/linitiative.ca\/International\/wp-json\/wp\/v2\/tags?post=136933"}],"curies":[{"name":"wp","href":"https:\/\/api.w.org\/{rel}","templated":true}]}}