{"id":136934,"date":"2021-12-26T17:38:02","date_gmt":"2021-12-26T22:38:02","guid":{"rendered":"https:\/\/linitiative.ca\/International\/audience-a-la-primature-les-etalons-promettent-une-1re-can-au-burkina\/"},"modified":"2021-12-26T17:38:02","modified_gmt":"2021-12-26T22:38:02","slug":"audience-a-la-primature-les-etalons-promettent-une-1re-can-au-burkina","status":"publish","type":"post","link":"https:\/\/linitiative.ca\/International\/audience-a-la-primature-les-etalons-promettent-une-1re-can-au-burkina\/","title":{"rendered":"Audience \u00e0 la Primature  : les Etalons promettent une 1re CAN  au Burkina"},"content":{"rendered":"<div>\n<p><strong>Le Premier ministre burkinab\u00e8 Lassina Zerbo a re\u00e7u en audience \u00e0 la Primature, le dimanche 26 d\u00e9cembre 2021, les Etalons en route pour la Coupe d\u2019Afrique des nations de football \u00ab Cameroun 2021 \u00bb. Le chef du Gouvernement a demand\u00e9 \u00e0 l\u2019\u00e9quipe fanion de mouiller le maillot pour ramener le troph\u00e9e continental afin de donner de l\u2019espoir au peuple burkinab\u00e8. <\/strong><\/p>\n<p>\u00ab Il serait pr\u00e9tentieux tout de suite d\u2019assigner un objectif \u00e0 ceux qui sont sur le terrain autre que de leur dire que le mieux c\u2019est de ramener la coupe au Burkina. Et que le peuple burkinab\u00e8 aimerait voir cette coupe-l\u00e0 ici \u00e0 Ouagadougou, surtout en ces moments difficiles \u00bb, a d\u00e9clar\u00e9 le Premier ministre Lassina Zerbo devant la presse juste \u00e0 la fin de l\u2019audience. Le chef du Gouvernement a pr\u00e9cis\u00e9 que \u00ab l\u2019objectif est de donner l\u2019espoir au peuple, de cr\u00e9er cette unit\u00e9, cet \u00e9tat d\u2019esprit nation qui fasse que tout le peuple se mette derri\u00e8re eux \u00bb. Le Premier ministre a re\u00e7u l\u2019\u00e9quipe nationale, ce dimanche 26 d\u00e9cembre 2021 au nom du pr\u00e9sident du Faso et de tout le gouvernement pour lui t\u00e9moigner \u00ab l\u2019attachement que nous avons \u00e0 ce sport-l\u00e0 (tous les sports d\u2019ailleurs) \u00bb. Le message du Chef de l\u2019Etat Roch Kabor\u00e9 qu\u2019il a voulu transmettre est que \u00ab toute la Nation est de c\u0153ur avec les Etalons \u00bb. Car en cette p\u00e9riode difficile o\u00f9 des gens tombent par le fait du terrorisme, les Burkinab\u00e8 doivent rester soud\u00e9s.<\/p>\n<p>\u00ab Nous avons d\u2019ailleurs observ\u00e9 un moment de recueillement en hommage \u00e0 tous ceux qui sont partis, qui auraient aim\u00e9 \u00eatre devant leur poste de t\u00e9l\u00e9vision pour suivre l\u2019\u00e9pop\u00e9e des Etalons au Cameroun. Nous pensons \u00e0 eux tous. En pensant \u00e0 eux, les Etalons sont aujourd\u2019hui, encore plus forts, encore plus soud\u00e9s parce qu\u2019ils savent que le sport en g\u00e9n\u00e9ral et le football en particulier sert d\u2019union, de coh\u00e9sion\u2026\u00bb, a insist\u00e9 Lassina Zerbo. Il dit avoir communi\u00e9 avec le onze national pour que les joueurs partent \u00e0 cette f\u00eate du football africain avec cet esprit nation pr\u00f4n\u00e9 par le pr\u00e9sident du Faso. En plus, du fait que tout le peuple aura le regard sur eux il y a \u00ab ces d\u00e9plac\u00e9s qui veulent avoir une lueur d\u2019espoir \u00e0 travers les succ\u00e8s que les Etalons pourront nous apporter \u00bb.<\/p>\n<h2><strong>Ecrire une autre page de l\u2019histoire du football burkinab\u00e8<\/strong><\/h2>\n<p>Pour le Premier ministre, le message a \u00e9t\u00e9 qu\u2019ils doivent encore \u00eatre plus forts parce que leur responsabilit\u00e9 est encore plus grande, parce qu\u2019ils vont repr\u00e9senter le pays \u00e0 un moment critique o\u00f9 le pays a besoin de coh\u00e9sion, de solidarit\u00e9. \u00ab Nous avons besoin de nous pardonner et c\u2019est eux qui nous donneront cette opportunit\u00e9 d\u2019union pour qu\u2019ensemble on transmette cet espoir au reste du peuple \u00bb, a soulign\u00e9 Lassina Zerbo. Apr\u00e8s la finale perdue en 2013 et une m\u00e9daille de bronze en 2017, les Etalons veulent franchir un autre palier, c\u2019est-\u00e0-dire ramener le troph\u00e9e le plus convoit\u00e9 du continent \u00e0 la maison. \u00ab Notre objectif, qui est notre r\u00eave, est qu\u2019on puisse pour la premi\u00e8re fois amener cette coupe au Burkina. On peut ne pas \u00eatre la meilleure \u00e9quipe techniquement mais on peut avoir le meilleur c\u0153ur.<\/p>\n<p>Le c\u0153ur peut parfois amener la victoire \u00bb, a dit le Premier ministre Zerbo. Pour le vice-capitaine des Etalons Issoufou Dayo, ses co\u00e9quipiers et lui savent que le pays traverse des moments difficiles. \u00ab C\u2019est donc \u00e0 nous de nous battre \u00e0 la CAN, donner le meilleur de nous-m\u00eames. On va aller pour ramener la coupe \u00e0 la maison \u00bb, a promis le d\u00e9fenseur central Burkinab\u00e8. Les Etalons auront-ils les moyens de leur ambition? \u00ab On a des jeunes qui sont forts et talentueux. On a tous les moyens pour aborder la CAN. On esp\u00e8re une victoire pour le premier match et g\u00e9rer match apr\u00e8s match, le reste de la comp\u00e9tition \u00bb, a r\u00e9pondu Issoufou Dayo. Le pr\u00e9sident de la F\u00e9d\u00e9ration burkinab\u00e8 de football (FBF) Lazare Banss\u00e9 qui \u00e9tait de la d\u00e9l\u00e9gation, tout comme le ministre en charge des sports, y croient fermement. \u00ab Les joueurs ont r\u00e9pondu au message du Premier ministre. Ils disent qu\u2019ils vont mouiller le maillot pour repr\u00e9senter dignement le Burkina Faso.<\/p>\n<p>C\u2019est ce que les Etalons vont faire au Cameroun \u00bb, a-t-il dit. Les Etalons se sont envol\u00e9s aujourd\u2019hui au petit matin (1h UTC) pour Abou Dabi, aux Emirats arabes unis o\u00f9 ils effectueront un stage de dix jours, ponctu\u00e9 de deux matchs amicaux contre respective-ment la Mauritanie (le 30 d\u00e9cembre) et la Tunisie (le 3 janvier 2022) avant de rallier Yaound\u00e9 le 6 janvier 2022. Le Burkina Faso est log\u00e9 dans la poule A avec le pays h\u00f4te de la comp\u00e9tition, le Cameroun, l\u2019Ethiopie et le Cap-Vert. Les Etalons affronteront en match d\u2019ouverture le 9 janvier les Lions indomptables du Cameroun.<\/p>\n<p style=\"text-align: right\"><strong>Adama SALAMBERE<\/strong><\/p>\n<p>L\u2019article <a rel=\"nofollow\" href=\"https:\/\/www.sidwaya.info\/blog\/2021\/12\/26\/audience-a-la-primature-les-etalons-promettent-une-1re-can-au-burkina\/\">Audience \u00e0 la Primature  : les Etalons promettent une 1re CAN  au Burkina<\/a> est apparu en premier sur <a rel=\"nofollow\" href=\"https:\/\/www.sidwaya.info\/\">Quotidien Sidwaya<\/a>.<\/p>\n<\/div>\n<p>Auteur: JK. Sidwaya<br \/>\n<a href=\"https:\/\/www.sidwaya.info\/blog\/2021\/12\/26\/audience-a-la-primature-les-etalons-promettent-une-1re-can-au-burkina\/\">Cliquez ici pour lire l&rsquo;article depuis sa source.<\/a><\/p>\n","protected":false},"excerpt":{"rendered":"<p>Le Premier ministre burkinab\u00e8 Lassina Zerbo a re\u00e7u en audience \u00e0 la Primature, le dimanche 26 d\u00e9cembre 2021, les Etalons en route pour la Coupe d\u2019Afrique des nations de football \u00ab Cameroun 2021 \u00bb. Le chef du Gouvernement a demand\u00e9 \u00e0 l\u2019\u00e9quipe fanion de mouiller le maillot pour ramener le troph\u00e9e continental afin de donner [&hellip;]<\/p>\n","protected":false},"author":1816,"featured_media":0,"comment_status":"closed","ping_status":"closed","sticky":false,"template":"","format":"standard","meta":{"fifu_image_url":"","fifu_image_alt":"","footnotes":""},"categories":[73,81],"tags":[],"class_list":["post-136934","post","type-post","status-publish","format-standard","hentry","category-actualite","category-burkina-faso"],"_links":{"self":[{"href":"https:\/\/linitiative.ca\/International\/wp-json\/wp\/v2\/posts\/136934","targetHints":{"allow":["GET"]}}],"collection":[{"href":"https:\/\/linitiative.ca\/International\/wp-json\/wp\/v2\/posts"}],"about":[{"href":"https:\/\/linitiative.ca\/International\/wp-json\/wp\/v2\/types\/post"}],"author":[{"embeddable":true,"href":"https:\/\/linitiative.ca\/International\/wp-json\/wp\/v2\/users\/1816"}],"replies":[{"embeddable":true,"href":"https:\/\/linitiative.ca\/International\/wp-json\/wp\/v2\/comments?post=136934"}],"version-history":[{"count":0,"href":"https:\/\/linitiative.ca\/International\/wp-json\/wp\/v2\/posts\/136934\/revisions"}],"wp:attachment":[{"href":"https:\/\/linitiative.ca\/International\/wp-json\/wp\/v2\/media?parent=136934"}],"wp:term":[{"taxonomy":"category","embeddable":true,"href":"https:\/\/linitiative.ca\/International\/wp-json\/wp\/v2\/categories?post=136934"},{"taxonomy":"post_tag","embeddable":true,"href":"https:\/\/linitiative.ca\/International\/wp-json\/wp\/v2\/tags?post=136934"}],"curies":[{"name":"wp","href":"https:\/\/api.w.org\/{rel}","templated":true}]}}