{"id":136935,"date":"2021-12-26T17:39:55","date_gmt":"2021-12-26T22:39:55","guid":{"rendered":"https:\/\/linitiative.ca\/International\/la-perte-dun-symbole\/"},"modified":"2021-12-26T17:39:55","modified_gmt":"2021-12-26T22:39:55","slug":"la-perte-dun-symbole","status":"publish","type":"post","link":"https:\/\/linitiative.ca\/International\/la-perte-dun-symbole\/","title":{"rendered":"La perte d\u2019un symbole"},"content":{"rendered":"<div>\n<p>Souma\u00efla Ganam\u00e9 alias Ladji Y\u00f4r\u00f4 repose depuis hier \u00e0 Oufr\u00e9 (Ouahigouya). Symbole de la r\u00e9sistance contre les attaques terroristes dans la province du Loroum, il est tomb\u00e9, les armes \u00e0 la main, avec une quarantaine de personnes dont des Volontaires pour la d\u00e9fense de la Patrie (VDP) et des civils, qu\u2019ils escortaient entre Ouahigouya et Titao, dans une \u00e9ni\u00e8me embuscade de Groupes arm\u00e9s terroristes (GAT).<\/p>\n<p>Le pays observe depuis hier dimanche un deuil national de 48 heures \u00e0 la suite de ce drame au retentissement national du fait de la perte d\u2019un symbole, d\u2019un grand \u00ab\u00a0commandant en chef\u00a0\u00bb de la r\u00e9sistance communautaire aux attaques et exactions terroristes dans la partie Nord du pays. Vaillant combattant, il lui fallut, ses hommes et lui, apr\u00e8s tant d\u2019efforts h\u00e9ro\u00efques, courber l\u2019\u00e9chine sous l\u2019\u00e9treinte d\u2019une destin\u00e9e inexorable, celle des h\u00e9ros. Jardinier prosp\u00e8re \u00e0 Y\u00f4r\u00f4 (d\u2019o\u00f9 son surnom) au Mali o\u00f9 sa famille a \u00e9migr\u00e9, Ladji Y\u00f4r\u00f4 a troqu\u00e9 son arrosoir contre la \u00ab\u00a0kalach\u00a0\u00bb pour rejoindre ses fr\u00e8res \u00e0 Soll\u00e9, en lib\u00e9rateur, afin de d\u00e9fendre les siens contre \u00ab\u00a0la f\u00e9rule humiliante\u00a0\u00bb des GAT aux c\u00f4t\u00e9s des koglweogos (suppl\u00e9tifs de l\u2019arm\u00e9e), puis des VDP dont il ne tardera pas \u00e0 prendre le lead, \u00e0 f\u00e9d\u00e9rer et \u00e0 organiser\u2026<\/p>\n<p>Apr\u00e8s des ann\u00e9es de r\u00e9sistance, Ladji Y\u00f4r\u00f4 a men\u00e9 son dernier combat \u00e0 You. Mais la bataille pour la dignit\u00e9, car s\u2019en est une, se poursuit au Nord, \u00e0 l\u2019Est, au Sahel, dans les Cascades et dans la Boucle du Mouhoun\u2026avec une d\u00e9termination d\u00e9sormais nourrie par le feu ardent du sacrifice supr\u00eame de Ladji Y\u00f4r\u00f4 et de sa vaillante \u00e9quipe de VDP, jusqu\u2019\u00e0 la lib\u00e9ration de la patrie. Sans aucun esprit de pol\u00e9mique qui \u00e9loignerait de l\u2019essentiel, cette bataille doit se mener, partout sur le territoire national, se nourrissant des enseignements des hauts et des bas des combats d\u00e9j\u00e0 men\u00e9s. Les circonstances de l\u2019embuscade de You interrogent et m\u00e9riteraient d\u2019\u00eatre clarifi\u00e9es. Que s\u2019est-il exactement pass\u00e9 entre Ouahigouya et Titao ce 23 d\u00e9cembre\u00a0? Le bin\u00f4me VDP\/FDS a-t-il fonctionn\u00e9 pendant le trajet\u00a0? Etaient-ils dans leur r\u00f4le d\u2019assurer l\u2019escorte du convoi de ravitaillement de la ville de Titao que les insurg\u00e9s tentent d\u2019isoler et de contr\u00f4ler\u2026.\u00a0?<\/p>\n<p>Les r\u00e9ponses \u00e0 ces questionnements permettront certainement de repositionner chaque intervenant dans sa mission et d\u2019\u00e9viter ce qui peut l\u2019\u00eatre dans la guerre de longue haleine (selon certains sp\u00e9cialistes, elle pourrait durer 20 \u00e0 30 ans encore) que le Burkina Faso m\u00e8ne depuis 2015 contre l\u2019hydre terroriste. En tout \u00e9tat de cause, c\u2019est \u00e0 la suite de l\u2019attaque contre le convoi de la mine de Boungou \u00e0 l\u2019Est, le 6 novembre 2019, que le Chef de l\u2019Etat, Roch Marc Christian Kabor\u00e9, a ordonn\u00e9 le recrutement de VDP, \u00ab\u00a0dans les zones sous menace\u00a0\u00bb. La loi organique promulgu\u00e9e en janvier 2020 pr\u00e9cise que \u00ab\u00a0les missions du volontaire sont de contribuer, au besoin par la force des armes, \u00e0 la d\u00e9fense et \u00e0 la protection des personnes et des biens de son village ou de son secteur de r\u00e9sidence, en vertu d\u2019un contrat sign\u00e9 entre le volontaire et l\u2019\u00c9tat\u00a0\u00bb pour un engagement sacrificiel. Le commandement et la coordination des activit\u00e9s des VDP sont assur\u00e9s par la chaine de commandement des forces arm\u00e9es nationales. Le succ\u00e8s de l\u2019appel \u00e0 la \u00ab\u00a0mobilisation g\u00e9n\u00e9rale\u00a0\u00bb contre le terrorisme \u00e0 travers les VDP passe aussi par le respect strict de la loi par les Forces de d\u00e9fense et de s\u00e9curit\u00e9 (FDS). Pour l\u2019honneur et la patrie, Ladji et son groupe se sont battus. Leurs \u00ab\u00a0fr\u00e8res d\u2019armes\u00a0\u00bb continueront de se battre aux c\u00f4t\u00e9s des FDS, en d\u00e9pit des difficult\u00e9s et des multiples dangers au nom de l\u2019int\u00e9r\u00eat sup\u00e9rieur de la Nation.<\/p>\n<p style=\"text-align: right\"><strong>Par Mahamadi TIEGNA <\/strong><\/p>\n<p style=\"text-align: right\"><strong>mahamaditiegna@yahoo.fr <\/strong><\/p>\n<p>L\u2019article <a rel=\"nofollow\" href=\"https:\/\/www.sidwaya.info\/blog\/2021\/12\/26\/la-perte-dun-symbole\/\">La perte d\u2019un symbole<\/a> est apparu en premier sur <a rel=\"nofollow\" href=\"https:\/\/www.sidwaya.info\/\">Quotidien Sidwaya<\/a>.<\/p>\n<\/div>\n<p>Auteur: JK. Sidwaya<br \/>\n<a href=\"https:\/\/www.sidwaya.info\/blog\/2021\/12\/26\/la-perte-dun-symbole\/\">Cliquez ici pour lire l&rsquo;article depuis sa source.<\/a><\/p>\n","protected":false},"excerpt":{"rendered":"<p>Souma\u00efla Ganam\u00e9 alias Ladji Y\u00f4r\u00f4 repose depuis hier \u00e0 Oufr\u00e9 (Ouahigouya). Symbole de la r\u00e9sistance contre les attaques terroristes dans la province du Loroum, il est tomb\u00e9, les armes \u00e0 la main, avec une quarantaine de personnes dont des Volontaires pour la d\u00e9fense de la Patrie (VDP) et des civils, qu\u2019ils escortaient entre Ouahigouya et [&hellip;]<\/p>\n","protected":false},"author":1816,"featured_media":0,"comment_status":"closed","ping_status":"closed","sticky":false,"template":"","format":"standard","meta":{"fifu_image_url":"","fifu_image_alt":"","footnotes":""},"categories":[73,81],"tags":[],"class_list":["post-136935","post","type-post","status-publish","format-standard","hentry","category-actualite","category-burkina-faso"],"_links":{"self":[{"href":"https:\/\/linitiative.ca\/International\/wp-json\/wp\/v2\/posts\/136935","targetHints":{"allow":["GET"]}}],"collection":[{"href":"https:\/\/linitiative.ca\/International\/wp-json\/wp\/v2\/posts"}],"about":[{"href":"https:\/\/linitiative.ca\/International\/wp-json\/wp\/v2\/types\/post"}],"author":[{"embeddable":true,"href":"https:\/\/linitiative.ca\/International\/wp-json\/wp\/v2\/users\/1816"}],"replies":[{"embeddable":true,"href":"https:\/\/linitiative.ca\/International\/wp-json\/wp\/v2\/comments?post=136935"}],"version-history":[{"count":0,"href":"https:\/\/linitiative.ca\/International\/wp-json\/wp\/v2\/posts\/136935\/revisions"}],"wp:attachment":[{"href":"https:\/\/linitiative.ca\/International\/wp-json\/wp\/v2\/media?parent=136935"}],"wp:term":[{"taxonomy":"category","embeddable":true,"href":"https:\/\/linitiative.ca\/International\/wp-json\/wp\/v2\/categories?post=136935"},{"taxonomy":"post_tag","embeddable":true,"href":"https:\/\/linitiative.ca\/International\/wp-json\/wp\/v2\/tags?post=136935"}],"curies":[{"name":"wp","href":"https:\/\/api.w.org\/{rel}","templated":true}]}}