{"id":136938,"date":"2021-12-25T18:18:02","date_gmt":"2021-12-25T23:18:02","guid":{"rendered":"https:\/\/linitiative.ca\/International\/transport-aerien-en-afrique-pres-de-85-milliards-de-dollars-de-pertes-en-2021\/"},"modified":"2021-12-25T18:18:02","modified_gmt":"2021-12-25T23:18:02","slug":"transport-aerien-en-afrique-pres-de-85-milliards-de-dollars-de-pertes-en-2021","status":"publish","type":"post","link":"https:\/\/linitiative.ca\/International\/transport-aerien-en-afrique-pres-de-85-milliards-de-dollars-de-pertes-en-2021\/","title":{"rendered":"Transport a\u00e9rien en Afrique : Pr\u00e8s de 8,5 milliards de dollars de pertes en 2021"},"content":{"rendered":"<div>\n<p><img decoding=\"async\" width=\"678\" height=\"381\" src=\"https:\/\/linitiative.ca\/International\/wp-content\/uploads\/sites\/23\/2021\/12\/16404742835160.jpg\" class=\"attachment-post-thumbnail size-post-thumbnail wp-post-image\" alt=\"\" loading=\"lazy\" srcset=\"https:\/\/linitiative.ca\/International\/wp-content\/uploads\/sites\/23\/2021\/12\/16404742835160.jpg 678w, https:\/\/www.journalducameroun.com\/wp-content\/uploads\/2021\/12\/16404742835160-300x169.jpg 300w, https:\/\/www.journalducameroun.com\/wp-content\/uploads\/2021\/12\/16404742835160-780x440.jpg 780w, https:\/\/www.journalducameroun.com\/wp-content\/uploads\/2021\/12\/16404742835160-380x215.jpg 380w, https:\/\/www.journalducameroun.com\/wp-content\/uploads\/2021\/12\/16404742835160-160x90.jpg 160w, https:\/\/www.journalducameroun.com\/wp-content\/uploads\/2021\/12\/16404742835160-240x135.jpg 240w, https:\/\/www.journalducameroun.com\/wp-content\/uploads\/2021\/12\/16404742835160-600x337.jpg 600w\" sizes=\"auto, (max-width: 678px) 100vw, 678px\"><\/p>\n<p>Les pertes devant \u00eatre enregistr\u00e9es par les compagnies a\u00e9riennes du continent se chiffrent \u00e0 8,5 milliards de dollars en 2021, selon le dernier rapport de l&rsquo;Association des compagnies a\u00e9riennes africaines (Afraa).Cette baisse de 49% de leur chiffre d&rsquo;affaires compar\u00e9e aux recettes obtenues en 2019, va plomber davantage un secteur d\u00e9j\u00e0 lourdement impact\u00e9 par la pand\u00e9mie de Covid-19. Des pertes l\u00e9g\u00e8rement en baisse par rapport \u00e0 celles de 2020, qui s&rsquo;\u00e9taient \u00e9lev\u00e9es \u00e0 10,21 milliards de dollars.<\/p>\n<p>Selon l&rsquo;Afraa, la fermeture des fronti\u00e8res durant plusieurs mois l&rsquo;ann\u00e9e derni\u00e8re, la hausse des contaminations dans certains pays et l&rsquo;apparition du nouveau variant ont consid\u00e9rablement r\u00e9duit le nombre de voyageurs, affectant par ricochet la tr\u00e9sorerie de ces entreprises.<\/p>\n<p>A titre d&rsquo;exemple, elle cite les statistiques du trafic de passagers dont le volume a atteint 41,6% du niveau de 2019, entre janvier et novembre 2021. Les vols domestiques ont \u00e9t\u00e9 les plus pris\u00e9s avec 39% du trafic, contre 29,3% pour les vols intra-africains et 31,6% pour les liaisons internationales.<\/p>\n<p>\u00ab La connectivit\u00e9 intra-africaine a atteint 78% des niveaux d&rsquo;avant Covid-19 en octobre 2021 \u00bb, a-t-elle pr\u00e9cis\u00e9.<\/p>\n<p>L&rsquo;Association, qui regroupe 44 membres, souligne en outre que des a\u00e9roports comme ceux d&rsquo;Abidjan et de Dakar ont l\u00e9g\u00e8rement d\u00e9pass\u00e9 leur niveau de connectivit\u00e9 de f\u00e9vrier 2020. \u00ab Pour 2021, nous estimons que les compagnies a\u00e9riennes africaines transporteront 43 millions de passagers, soit environ 45% du trafic de 2019\u00bb, estime-t-elle. Une situation tr\u00e8s critique qui pourrait m\u00eame menacer la survie de ces compagnies qui traversent une zone de turbulences, alerte l&rsquo;Afraa.<\/p>\n<p>Certaines d&rsquo;entre, elles comme la Royal Air Maroc (RAM), Kenya Airways ou South African Airways, ont \u00e9t\u00e9 oblig\u00e9es de licencier une partie de leurs effectifs et mettre en place des plans de relance avec le soutien des autorit\u00e9s \u00e9tatiques.<\/p>\n<p>Pour elle, le secteur devrait amorcer une reprise progressive \u00e0 partir de 2022. Le trafic devrait m\u00eame atteindre 67 millions de passagers cette ann\u00e9e, soit une hausse de 55,81% par rapport aux pr\u00e9visions de 2021.<\/p>\n<p>Cet article <a rel=\"nofollow\" href=\"https:\/\/www.journalducameroun.com\/transport-aerien-en-afrique-pres-de-85-milliards-de-dollars-de-pertes-en-2021\/\">Transport a\u00e9rien en Afrique : Pr\u00e8s de 8,5 milliards de dollars de pertes en 2021<\/a> est apparu en premier sur <a rel=\"nofollow\" href=\"https:\/\/www.journalducameroun.com\/\">Journal du Cameroun<\/a>.<\/p>\n<\/div>\n<p>Auteur: APA News<br \/>\n<a href=\"https:\/\/www.journalducameroun.com\/transport-aerien-en-afrique-pres-de-85-milliards-de-dollars-de-pertes-en-2021\/\">Cliquez ici pour lire l&rsquo;article depuis sa source.<\/a><\/p>\n","protected":false},"excerpt":{"rendered":"<p>Les pertes devant \u00eatre enregistr\u00e9es par les compagnies a\u00e9riennes du continent se chiffrent \u00e0 8,5 milliards de dollars en 2021, selon le dernier rapport de l&rsquo;Association des compagnies a\u00e9riennes africaines (Afraa).Cette baisse de 49% de leur chiffre d&rsquo;affaires compar\u00e9e aux recettes obtenues en 2019, va plomber davantage un secteur d\u00e9j\u00e0 lourdement impact\u00e9 par la pand\u00e9mie [&hellip;]<\/p>\n","protected":false},"author":1965,"featured_media":0,"comment_status":"closed","ping_status":"closed","sticky":false,"template":"","format":"standard","meta":{"fifu_image_url":"https:\/\/www.journalducameroun.com\/wp-content\/uploads\/2021\/12\/16404742835160.jpg","fifu_image_alt":"Transport a\u00e9rien en Afrique : Pr\u00e8s de 8,5 milliards de dollars de pertes en 2021","footnotes":""},"categories":[73,82],"tags":[],"class_list":["post-136938","post","type-post","status-publish","format-standard","hentry","category-actualite","category-cameroun"],"_links":{"self":[{"href":"https:\/\/linitiative.ca\/International\/wp-json\/wp\/v2\/posts\/136938","targetHints":{"allow":["GET"]}}],"collection":[{"href":"https:\/\/linitiative.ca\/International\/wp-json\/wp\/v2\/posts"}],"about":[{"href":"https:\/\/linitiative.ca\/International\/wp-json\/wp\/v2\/types\/post"}],"author":[{"embeddable":true,"href":"https:\/\/linitiative.ca\/International\/wp-json\/wp\/v2\/users\/1965"}],"replies":[{"embeddable":true,"href":"https:\/\/linitiative.ca\/International\/wp-json\/wp\/v2\/comments?post=136938"}],"version-history":[{"count":0,"href":"https:\/\/linitiative.ca\/International\/wp-json\/wp\/v2\/posts\/136938\/revisions"}],"wp:attachment":[{"href":"https:\/\/linitiative.ca\/International\/wp-json\/wp\/v2\/media?parent=136938"}],"wp:term":[{"taxonomy":"category","embeddable":true,"href":"https:\/\/linitiative.ca\/International\/wp-json\/wp\/v2\/categories?post=136938"},{"taxonomy":"post_tag","embeddable":true,"href":"https:\/\/linitiative.ca\/International\/wp-json\/wp\/v2\/tags?post=136938"}],"curies":[{"name":"wp","href":"https:\/\/api.w.org\/{rel}","templated":true}]}}