{"id":136940,"date":"2021-12-25T18:18:03","date_gmt":"2021-12-25T23:18:03","guid":{"rendered":"https:\/\/linitiative.ca\/International\/maroc-baisse-du-taux-de-la-detention-preventive\/"},"modified":"2021-12-25T18:18:03","modified_gmt":"2021-12-25T23:18:03","slug":"maroc-baisse-du-taux-de-la-detention-preventive","status":"publish","type":"post","link":"https:\/\/linitiative.ca\/International\/maroc-baisse-du-taux-de-la-detention-preventive\/","title":{"rendered":"Maroc: Baisse du taux de la d\u00e9tention pr\u00e9ventive"},"content":{"rendered":"<div>\n<p><img decoding=\"async\" width=\"300\" height=\"168\" src=\"https:\/\/linitiative.ca\/International\/wp-content\/uploads\/sites\/23\/2021\/12\/16404742833269.jpg\" class=\"attachment-post-thumbnail size-post-thumbnail wp-post-image\" alt=\"\" loading=\"lazy\" srcset=\"https:\/\/linitiative.ca\/International\/wp-content\/uploads\/sites\/23\/2021\/12\/16404742833269.jpg 300w, https:\/\/www.journalducameroun.com\/wp-content\/uploads\/2021\/12\/16404742833269-780x440.jpg 780w, https:\/\/www.journalducameroun.com\/wp-content\/uploads\/2021\/12\/16404742833269-160x90.jpg 160w, https:\/\/www.journalducameroun.com\/wp-content\/uploads\/2021\/12\/16404742833269-240x135.jpg 240w\" sizes=\"auto, (max-width: 300px) 100vw, 300px\"><\/p>\n<p>Le taux de la d\u00e9tention pr\u00e9ventive au Maroc a accus\u00e9 une baisse \u00e0 fin novembre 2021. Consid\u00e9r\u00e9e comme l&rsquo;une des principales causes de la surpopulation carc\u00e9rale au Maroc, cette mesure, a repr\u00e9sent\u00e9 43% de la population carc\u00e9rale totale (89.814) \u00e0 fin novembre, contre 45,25% \u00e0 fin septembre.Ces chiffres ont \u00e9t\u00e9 r\u00e9v\u00e9l\u00e9s, procureur g\u00e9n\u00e9ral pr\u00e8s la Cour de cassation, pr\u00e9sident du Minist\u00e8re public, Moulay El Hassan Daki, qui a pr\u00e9cis\u00e9 que les efforts d\u00e9ploy\u00e9s jusqu&rsquo;\u00e0 pr\u00e9sent ont permis de r\u00e9duire le taux de d\u00e9tention pr\u00e9ventive.<\/p>\n<p>Ce taux a oscill\u00e9 entre 44 et 45% tout au long de l&rsquo;ann\u00e9e 2021, a-t-il poursuivi, esp\u00e9rant que la r\u00e9duction du taux de d\u00e9tention pr\u00e9ventive puisse continuer dans un futur proche, gr\u00e2ce aux efforts concert\u00e9s par l&rsquo;ensemble des intervenants dans le domaine de la justice, notamment la justice r\u00e9pressive. \u00ab La propagation de la pand\u00e9mie du nouveau coronavirus a eu des r\u00e9percussions n\u00e9gatives sur le bon d\u00e9roulement de la justice en g\u00e9n\u00e9ral et sur la cadence de traitement des dossiers des d\u00e9tenus pr\u00e9ventifs en particulier \u00bb, a d\u00e9clar\u00e9 M. Daki, lors d&rsquo;une rencontre \u00e0 Tanger.<\/p>\n<p>\u00a0\u00ab Cette situation exige de tous de redoubler d&rsquo;efforts en rationalisant le recours \u00e0 la d\u00e9tention pr\u00e9ventive lors de l&rsquo;engagement des poursuites, ou encore de faire montre d&rsquo;efficience en termes de rendement lorsqu&rsquo;il s&rsquo;agit du traitement des dossiers des d\u00e9tenus et de l&rsquo;\u00e9mission de jugements ou encore l&rsquo;acc\u00e9l\u00e9ration de la proc\u00e9dure de transfert des dossiers des d\u00e9tenus pr\u00e9ventifs, objets de recours, vers une juridiction supr\u00eame \u00bb, a d\u00e9clar\u00e9 M. Daki. L&rsquo;engagement de poursuites en \u00e9tat d&rsquo;arrestation ne doit \u00eatre applicable que dans des cas exceptionnels, a-t-il relev\u00e9, insistant sur la n\u00e9cessit\u00e9 d&rsquo;offrir des arguments juridiques solides, tels que d\u00e9finis dans les articles 47, 73 et 74 du Code de proc\u00e9dure p\u00e9nale.<\/p>\n<p>Cet article <a rel=\"nofollow\" href=\"https:\/\/www.journalducameroun.com\/maroc-baisse-du-taux-de-la-detention-preventive\/\">Maroc: Baisse du taux de la d\u00e9tention pr\u00e9ventive<\/a> est apparu en premier sur <a rel=\"nofollow\" href=\"https:\/\/www.journalducameroun.com\/\">Journal du Cameroun<\/a>.<\/p>\n<\/div>\n<p>Auteur: APA News<br \/>\n<a href=\"https:\/\/www.journalducameroun.com\/maroc-baisse-du-taux-de-la-detention-preventive\/\">Cliquez ici pour lire l&rsquo;article depuis sa source.<\/a><\/p>\n","protected":false},"excerpt":{"rendered":"<p>Le taux de la d\u00e9tention pr\u00e9ventive au Maroc a accus\u00e9 une baisse \u00e0 fin novembre 2021. Consid\u00e9r\u00e9e comme l&rsquo;une des principales causes de la surpopulation carc\u00e9rale au Maroc, cette mesure, a repr\u00e9sent\u00e9 43% de la population carc\u00e9rale totale (89.814) \u00e0 fin novembre, contre 45,25% \u00e0 fin septembre.Ces chiffres ont \u00e9t\u00e9 r\u00e9v\u00e9l\u00e9s, procureur g\u00e9n\u00e9ral pr\u00e8s la [&hellip;]<\/p>\n","protected":false},"author":1965,"featured_media":0,"comment_status":"closed","ping_status":"closed","sticky":false,"template":"","format":"standard","meta":{"fifu_image_url":"https:\/\/www.journalducameroun.com\/wp-content\/uploads\/2021\/12\/16404742833269.jpg","fifu_image_alt":"Maroc: Baisse du taux de la d\u00e9tention pr\u00e9ventive","footnotes":""},"categories":[73,82],"tags":[],"class_list":["post-136940","post","type-post","status-publish","format-standard","hentry","category-actualite","category-cameroun"],"_links":{"self":[{"href":"https:\/\/linitiative.ca\/International\/wp-json\/wp\/v2\/posts\/136940","targetHints":{"allow":["GET"]}}],"collection":[{"href":"https:\/\/linitiative.ca\/International\/wp-json\/wp\/v2\/posts"}],"about":[{"href":"https:\/\/linitiative.ca\/International\/wp-json\/wp\/v2\/types\/post"}],"author":[{"embeddable":true,"href":"https:\/\/linitiative.ca\/International\/wp-json\/wp\/v2\/users\/1965"}],"replies":[{"embeddable":true,"href":"https:\/\/linitiative.ca\/International\/wp-json\/wp\/v2\/comments?post=136940"}],"version-history":[{"count":0,"href":"https:\/\/linitiative.ca\/International\/wp-json\/wp\/v2\/posts\/136940\/revisions"}],"wp:attachment":[{"href":"https:\/\/linitiative.ca\/International\/wp-json\/wp\/v2\/media?parent=136940"}],"wp:term":[{"taxonomy":"category","embeddable":true,"href":"https:\/\/linitiative.ca\/International\/wp-json\/wp\/v2\/categories?post=136940"},{"taxonomy":"post_tag","embeddable":true,"href":"https:\/\/linitiative.ca\/International\/wp-json\/wp\/v2\/tags?post=136940"}],"curies":[{"name":"wp","href":"https:\/\/api.w.org\/{rel}","templated":true}]}}