{"id":136942,"date":"2021-12-26T03:10:57","date_gmt":"2021-12-26T08:10:57","guid":{"rendered":"https:\/\/linitiative.ca\/International\/afrique-du-sud-deces-de-mgr-desmond-tutu-icone-de-la-lutte-contre-lapartheid\/"},"modified":"2021-12-26T03:10:57","modified_gmt":"2021-12-26T08:10:57","slug":"afrique-du-sud-deces-de-mgr-desmond-tutu-icone-de-la-lutte-contre-lapartheid","status":"publish","type":"post","link":"https:\/\/linitiative.ca\/International\/afrique-du-sud-deces-de-mgr-desmond-tutu-icone-de-la-lutte-contre-lapartheid\/","title":{"rendered":"Afrique du Sud : d\u00e9c\u00e8s de Mgr Desmond Tutu, ic\u00f4ne de la lutte contre l\u2019apartheid"},"content":{"rendered":"<div>\n<p><img decoding=\"async\" width=\"664\" height=\"443\" src=\"https:\/\/linitiative.ca\/International\/wp-content\/uploads\/sites\/23\/2021\/12\/Desmond-Tutu.jpg\" class=\"attachment-post-thumbnail size-post-thumbnail wp-post-image\" alt=\"\" loading=\"lazy\" srcset=\"https:\/\/linitiative.ca\/International\/wp-content\/uploads\/sites\/23\/2021\/12\/Desmond-Tutu.jpg 664w, https:\/\/www.journalducameroun.com\/wp-content\/uploads\/2021\/12\/Desmond-Tutu-300x200.jpg 300w, https:\/\/www.journalducameroun.com\/wp-content\/uploads\/2021\/12\/Desmond-Tutu-660x440.jpg 660w, https:\/\/www.journalducameroun.com\/wp-content\/uploads\/2021\/12\/Desmond-Tutu-600x400.jpg 600w\" sizes=\"auto, (max-width: 664px) 100vw, 664px\"><\/p>\n<p><strong>Il \u00e9tait \u00e2g\u00e9 de 90 ans. L\u2019archev\u00eaque du Cap avait annonc\u00e9, en 2010, son retrait de la vie publique. <\/strong><\/p>\n<p>\u00a0<\/p>\n<p>L\u2019archev\u00eaque anglican sud-africain Desmond Tutu, ic\u00f4ne de la lutte contre l\u2019apartheid et Prix Nobel de la Paix en 1984, s\u2019est \u00e9teint, dimanche 26 d\u00e9cembre, \u00e0 l\u2019\u00e2ge de 90 ans, a annonc\u00e9 le pr\u00e9sident sud-africain, Cyril Ramaphosa.<\/p>\n<p class=\"article__paragraph \">Le pr\u00e9sident exprime\u00a0<em>\u00ab\u00a0au nom de tous les Sud-Africains, sa profonde tristesse suite au d\u00e9c\u00e8s, ce dimanche\u00a0\u00bb<\/em>\u00a0de cette figure essentielle de l\u2019histoire sud-africaine, dans un communiqu\u00e9.\u00a0<em>\u00ab\u00a0Le d\u00e9c\u00e8s de l\u2019archev\u00eaque \u00e9m\u00e9rite Desmond Tutu est un nouveau chapitre de deuil dans l\u2019adieu de notre nation \u00e0 une g\u00e9n\u00e9ration de Sud-Africains exceptionnels qui nous ont l\u00e9gu\u00e9 une Afrique du Su<\/em><\/p>\n<p class=\"article__paragraph \"><em>\u00ab homme d\u2019une intelligence extraordinaire, int\u00e8gre et invincible contre les forces de l\u2019apartheid, il \u00e9tait aussi tendre et vuln\u00e9rable dans sa compassion pour ceux qui avaient souffert de l\u2019oppression, de l\u2019injustice et de la violence sous l\u2019apartheid, et pour les opprim\u00e9s et pour les oppresseurs du monde entier\u00a0\u00bb<\/em>, a ajout\u00e9 M.\u00a0Ramaphosa.<\/p>\n<p class=\"article__paragraph \">\u00ab\u00a0The Arch\u00a0\u00bb, comme il \u00e9tait surnomm\u00e9 par les Sud-Africains \u00e9tait affaibli depuis plusieurs mois. Il ne parlait plus en public mais saluait toujours les cam\u00e9ras pr\u00e9sentes \u00e0 chacun de ses d\u00e9placements, sourire ou regard malicieux, lors de son vaccin contre le Covid-19 dans un h\u00f4pital ou lors de l\u2019office au Cap pour c\u00e9l\u00e9brer ses 90\u00a0ans en octobre.<\/p>\n<p>Cet article <a rel=\"nofollow\" href=\"https:\/\/www.journalducameroun.com\/afrique-du-sud-deces-de-mgr-desmond-tutu-icone-de-la-lutte-contre-lapartheid\/\">Afrique du Sud : d\u00e9c\u00e8s de Mgr Desmond Tutu, ic\u00f4ne de la lutte contre l\u2019apartheid<\/a> est apparu en premier sur <a rel=\"nofollow\" href=\"https:\/\/www.journalducameroun.com\/\">Journal du Cameroun<\/a>.<\/p>\n<\/div>\n<p>Auteur: Christian DJIMADEU<br \/>\n<a href=\"https:\/\/www.journalducameroun.com\/afrique-du-sud-deces-de-mgr-desmond-tutu-icone-de-la-lutte-contre-lapartheid\/\">Cliquez ici pour lire l&rsquo;article depuis sa source.<\/a><\/p>\n","protected":false},"excerpt":{"rendered":"<p>Il \u00e9tait \u00e2g\u00e9 de 90 ans. L\u2019archev\u00eaque du Cap avait annonc\u00e9, en 2010, son retrait de la vie publique. \u00a0 L\u2019archev\u00eaque anglican sud-africain Desmond Tutu, ic\u00f4ne de la lutte contre l\u2019apartheid et Prix Nobel de la Paix en 1984, s\u2019est \u00e9teint, dimanche 26 d\u00e9cembre, \u00e0 l\u2019\u00e2ge de 90 ans, a annonc\u00e9 le pr\u00e9sident sud-africain, Cyril [&hellip;]<\/p>\n","protected":false},"author":1965,"featured_media":0,"comment_status":"closed","ping_status":"closed","sticky":false,"template":"","format":"standard","meta":{"fifu_image_url":"https:\/\/www.journalducameroun.com\/wp-content\/uploads\/2021\/12\/Desmond-Tutu.jpg","fifu_image_alt":"Afrique du Sud : d\u00e9c\u00e8s de Mgr Desmond Tutu, ic\u00f4ne de la lutte contre l\u2019apartheid","footnotes":""},"categories":[73,82],"tags":[],"class_list":["post-136942","post","type-post","status-publish","format-standard","hentry","category-actualite","category-cameroun"],"_links":{"self":[{"href":"https:\/\/linitiative.ca\/International\/wp-json\/wp\/v2\/posts\/136942","targetHints":{"allow":["GET"]}}],"collection":[{"href":"https:\/\/linitiative.ca\/International\/wp-json\/wp\/v2\/posts"}],"about":[{"href":"https:\/\/linitiative.ca\/International\/wp-json\/wp\/v2\/types\/post"}],"author":[{"embeddable":true,"href":"https:\/\/linitiative.ca\/International\/wp-json\/wp\/v2\/users\/1965"}],"replies":[{"embeddable":true,"href":"https:\/\/linitiative.ca\/International\/wp-json\/wp\/v2\/comments?post=136942"}],"version-history":[{"count":0,"href":"https:\/\/linitiative.ca\/International\/wp-json\/wp\/v2\/posts\/136942\/revisions"}],"wp:attachment":[{"href":"https:\/\/linitiative.ca\/International\/wp-json\/wp\/v2\/media?parent=136942"}],"wp:term":[{"taxonomy":"category","embeddable":true,"href":"https:\/\/linitiative.ca\/International\/wp-json\/wp\/v2\/categories?post=136942"},{"taxonomy":"post_tag","embeddable":true,"href":"https:\/\/linitiative.ca\/International\/wp-json\/wp\/v2\/tags?post=136942"}],"curies":[{"name":"wp","href":"https:\/\/api.w.org\/{rel}","templated":true}]}}