{"id":136984,"date":"2021-12-27T07:30:00","date_gmt":"2021-12-27T12:30:00","guid":{"rendered":"https:\/\/linitiative.ca\/International\/burkina-polemique-avec-un-defenseur-de-bale\/"},"modified":"2021-12-27T07:30:00","modified_gmt":"2021-12-27T12:30:00","slug":"burkina-polemique-avec-un-defenseur-de-bale","status":"publish","type":"post","link":"https:\/\/linitiative.ca\/International\/burkina-polemique-avec-un-defenseur-de-bale\/","title":{"rendered":"Burkina : Pol\u00e9mique avec un d\u00e9fenseur de B\u00e2le"},"content":{"rendered":"<div>Convoqu\u00e9 pour disputer la Coupe d&rsquo;Afrique des Nations, Yacouba Nasser Djiga a d\u00e9cid\u00e9 de d\u00e9cliner l&rsquo;invitation de son s\u00e9lectionneur Kamou Malo.<\/div>\n<p>Auteur:<br \/>\n<a href=\"https:\/\/www.lebuteur.com\/article\/detail?titre=burkina-polemique-avec-un-defenseur-de-bale&#038;id=101919\">Cliquez ici pour lire l&rsquo;article depuis sa source.<\/a><\/p>\n","protected":false},"excerpt":{"rendered":"<p>Convoqu\u00e9 pour disputer la Coupe d&rsquo;Afrique des Nations, Yacouba Nasser Djiga a d\u00e9cid\u00e9 de d\u00e9cliner l&rsquo;invitation de son s\u00e9lectionneur Kamou Malo. Auteur: Cliquez ici pour lire l&rsquo;article depuis sa source.<\/p>\n","protected":false},"author":1738,"featured_media":0,"comment_status":"closed","ping_status":"closed","sticky":false,"template":"","format":"standard","meta":{"fifu_image_url":"","fifu_image_alt":"","footnotes":""},"categories":[53,75],"tags":[],"class_list":["post-136984","post","type-post","status-publish","format-standard","hentry","category-algerie","category-sport"],"_links":{"self":[{"href":"https:\/\/linitiative.ca\/International\/wp-json\/wp\/v2\/posts\/136984","targetHints":{"allow":["GET"]}}],"collection":[{"href":"https:\/\/linitiative.ca\/International\/wp-json\/wp\/v2\/posts"}],"about":[{"href":"https:\/\/linitiative.ca\/International\/wp-json\/wp\/v2\/types\/post"}],"author":[{"embeddable":true,"href":"https:\/\/linitiative.ca\/International\/wp-json\/wp\/v2\/users\/1738"}],"replies":[{"embeddable":true,"href":"https:\/\/linitiative.ca\/International\/wp-json\/wp\/v2\/comments?post=136984"}],"version-history":[{"count":0,"href":"https:\/\/linitiative.ca\/International\/wp-json\/wp\/v2\/posts\/136984\/revisions"}],"wp:attachment":[{"href":"https:\/\/linitiative.ca\/International\/wp-json\/wp\/v2\/media?parent=136984"}],"wp:term":[{"taxonomy":"category","embeddable":true,"href":"https:\/\/linitiative.ca\/International\/wp-json\/wp\/v2\/categories?post=136984"},{"taxonomy":"post_tag","embeddable":true,"href":"https:\/\/linitiative.ca\/International\/wp-json\/wp\/v2\/tags?post=136984"}],"curies":[{"name":"wp","href":"https:\/\/api.w.org\/{rel}","templated":true}]}}