{"id":136988,"date":"2021-12-27T14:53:00","date_gmt":"2021-12-27T19:53:00","guid":{"rendered":"https:\/\/linitiative.ca\/International\/baghdad-bounedjah-dement-avoir-contracte-le-covid\/"},"modified":"2021-12-27T14:53:00","modified_gmt":"2021-12-27T19:53:00","slug":"baghdad-bounedjah-dement-avoir-contracte-le-covid","status":"publish","type":"post","link":"https:\/\/linitiative.ca\/International\/baghdad-bounedjah-dement-avoir-contracte-le-covid\/","title":{"rendered":"Baghdad Bounedjah d\u00e9ment avoir contract\u00e9 le Covid"},"content":{"rendered":"<div>A travers une story sur les r\u00e9seaux sociaux, l&rsquo;attaquant des Verts a r\u00e9pondu aux rumeurs qui le disent atteint du coronavirus<\/div>\n<p>Auteur:<br \/>\n<a href=\"https:\/\/www.lebuteur.com\/article\/detail?titre=baghdad-bounedjah-dement-avoir-contracte-le-covid&#038;id=101923\">Cliquez ici pour lire l&rsquo;article depuis sa source.<\/a><\/p>\n","protected":false},"excerpt":{"rendered":"<p>A travers une story sur les r\u00e9seaux sociaux, l&rsquo;attaquant des Verts a r\u00e9pondu aux rumeurs qui le disent atteint du coronavirus Auteur: Cliquez ici pour lire l&rsquo;article depuis sa source.<\/p>\n","protected":false},"author":1738,"featured_media":0,"comment_status":"closed","ping_status":"closed","sticky":false,"template":"","format":"standard","meta":{"fifu_image_url":"","fifu_image_alt":"","footnotes":""},"categories":[53,75],"tags":[],"class_list":["post-136988","post","type-post","status-publish","format-standard","hentry","category-algerie","category-sport"],"_links":{"self":[{"href":"https:\/\/linitiative.ca\/International\/wp-json\/wp\/v2\/posts\/136988","targetHints":{"allow":["GET"]}}],"collection":[{"href":"https:\/\/linitiative.ca\/International\/wp-json\/wp\/v2\/posts"}],"about":[{"href":"https:\/\/linitiative.ca\/International\/wp-json\/wp\/v2\/types\/post"}],"author":[{"embeddable":true,"href":"https:\/\/linitiative.ca\/International\/wp-json\/wp\/v2\/users\/1738"}],"replies":[{"embeddable":true,"href":"https:\/\/linitiative.ca\/International\/wp-json\/wp\/v2\/comments?post=136988"}],"version-history":[{"count":0,"href":"https:\/\/linitiative.ca\/International\/wp-json\/wp\/v2\/posts\/136988\/revisions"}],"wp:attachment":[{"href":"https:\/\/linitiative.ca\/International\/wp-json\/wp\/v2\/media?parent=136988"}],"wp:term":[{"taxonomy":"category","embeddable":true,"href":"https:\/\/linitiative.ca\/International\/wp-json\/wp\/v2\/categories?post=136988"},{"taxonomy":"post_tag","embeddable":true,"href":"https:\/\/linitiative.ca\/International\/wp-json\/wp\/v2\/tags?post=136988"}],"curies":[{"name":"wp","href":"https:\/\/api.w.org\/{rel}","templated":true}]}}