{"id":137014,"date":"2021-12-27T11:52:16","date_gmt":"2021-12-27T16:52:16","guid":{"rendered":"https:\/\/linitiative.ca\/International\/rapport-sur-la-situation-des-prisons-au-maroc-une-lumiere-despoir-dans-un-coin-dombre\/"},"modified":"2021-12-27T11:52:16","modified_gmt":"2021-12-27T16:52:16","slug":"rapport-sur-la-situation-des-prisons-au-maroc-une-lumiere-despoir-dans-un-coin-dombre","status":"publish","type":"post","link":"https:\/\/linitiative.ca\/International\/rapport-sur-la-situation-des-prisons-au-maroc-une-lumiere-despoir-dans-un-coin-dombre\/","title":{"rendered":"Rapport sur la situation des prisons au Maroc. Une lumi\u00e8re d\u2019espoir dans un coin d\u2019ombre"},"content":{"rendered":"<div><img decoding=\"async\" width=\"746\" height=\"380\" src=\"https:\/\/linitiative.ca\/International\/wp-content\/uploads\/sites\/23\/2021\/12\/Prison-3.jpg\" class=\"attachment-post-thumbnail size-post-thumbnail wp-post-image\" alt=\"\" loading=\"lazy\" srcset=\"https:\/\/linitiative.ca\/International\/wp-content\/uploads\/sites\/23\/2021\/12\/Prison-3.jpg 746w, https:\/\/www.challenge.ma\/wp-content\/uploads\/2021\/12\/Prison-3-300x153.jpg 300w, https:\/\/www.challenge.ma\/wp-content\/uploads\/2021\/12\/Prison-3-360x183.jpg 360w\" sizes=\"auto, (max-width: 746px) 100vw, 746px\" itemprop=\"image\">Un peu de lumi\u00e8re dans un coin sombre, celui des prisons, l\u00e0 o\u00f9 l\u2019\u00eatre humain est expos\u00e9 au d\u00e9sespoir, l\u00e0 o\u00f9 la dignit\u00e9 humaine est expos\u00e9e aux risques de violation. Le dernier rapport sur les prisons au Maroc, \u00e9tabli par le Centre d\u2019Etudes des Droits Humains et D\u00e9mocratie (CEDHD) et<\/div>\n<p>Auteur: Mohamed Amine<br \/>\n<a href=\"https:\/\/www.challenge.ma\/rapport-sur-la-situation-des-prisons-au-maroc-une-lumiere-despoir-dans-un-coin-dombre-229524\/\">Cliquez ici pour lire l&rsquo;article depuis sa source.<\/a><\/p>\n","protected":false},"excerpt":{"rendered":"<p>Un peu de lumi\u00e8re dans un coin sombre, celui des prisons, l\u00e0 o\u00f9 l\u2019\u00eatre humain est expos\u00e9 au d\u00e9sespoir, l\u00e0 o\u00f9 la dignit\u00e9 humaine est expos\u00e9e aux risques de violation. Le dernier rapport sur les prisons au Maroc, \u00e9tabli par le Centre d\u2019Etudes des Droits Humains et D\u00e9mocratie (CEDHD) et Auteur: Mohamed Amine Cliquez ici [&hellip;]<\/p>\n","protected":false},"author":1787,"featured_media":0,"comment_status":"closed","ping_status":"closed","sticky":false,"template":"","format":"standard","meta":{"fifu_image_url":"https:\/\/www.challenge.ma\/wp-content\/uploads\/2021\/12\/Prison-3.jpg","fifu_image_alt":"Rapport sur la situation des prisons au Maroc. Une lumi\u00e8re d\u2019espoir dans un coin d\u2019ombre","footnotes":""},"categories":[78,54],"tags":[],"class_list":["post-137014","post","type-post","status-publish","format-standard","hentry","category-economie","category-maroc"],"_links":{"self":[{"href":"https:\/\/linitiative.ca\/International\/wp-json\/wp\/v2\/posts\/137014","targetHints":{"allow":["GET"]}}],"collection":[{"href":"https:\/\/linitiative.ca\/International\/wp-json\/wp\/v2\/posts"}],"about":[{"href":"https:\/\/linitiative.ca\/International\/wp-json\/wp\/v2\/types\/post"}],"author":[{"embeddable":true,"href":"https:\/\/linitiative.ca\/International\/wp-json\/wp\/v2\/users\/1787"}],"replies":[{"embeddable":true,"href":"https:\/\/linitiative.ca\/International\/wp-json\/wp\/v2\/comments?post=137014"}],"version-history":[{"count":0,"href":"https:\/\/linitiative.ca\/International\/wp-json\/wp\/v2\/posts\/137014\/revisions"}],"wp:attachment":[{"href":"https:\/\/linitiative.ca\/International\/wp-json\/wp\/v2\/media?parent=137014"}],"wp:term":[{"taxonomy":"category","embeddable":true,"href":"https:\/\/linitiative.ca\/International\/wp-json\/wp\/v2\/categories?post=137014"},{"taxonomy":"post_tag","embeddable":true,"href":"https:\/\/linitiative.ca\/International\/wp-json\/wp\/v2\/tags?post=137014"}],"curies":[{"name":"wp","href":"https:\/\/api.w.org\/{rel}","templated":true}]}}