{"id":137037,"date":"2021-12-27T12:18:03","date_gmt":"2021-12-27T17:18:03","guid":{"rendered":"https:\/\/linitiative.ca\/International\/somalie-le-president-et-son-pm-a-couteaux-tires-sur-les-elections\/"},"modified":"2021-12-27T12:18:03","modified_gmt":"2021-12-27T17:18:03","slug":"somalie-le-president-et-son-pm-a-couteaux-tires-sur-les-elections","status":"publish","type":"post","link":"https:\/\/linitiative.ca\/International\/somalie-le-president-et-son-pm-a-couteaux-tires-sur-les-elections\/","title":{"rendered":"Somalie : le pr\u00e9sident et son PM \u00e0 couteaux tir\u00e9s sur les \u00e9lections"},"content":{"rendered":"<div>\n<p><img decoding=\"async\" width=\"970\" height=\"534\" src=\"https:\/\/linitiative.ca\/International\/wp-content\/uploads\/sites\/23\/2021\/12\/16406254834284.jpg\" class=\"attachment-post-thumbnail size-post-thumbnail wp-post-image\" alt=\"\" loading=\"lazy\" srcset=\"https:\/\/linitiative.ca\/International\/wp-content\/uploads\/sites\/23\/2021\/12\/16406254834284.jpg 970w, https:\/\/www.journalducameroun.com\/wp-content\/uploads\/2021\/12\/16406254834284-300x165.jpg 300w, https:\/\/www.journalducameroun.com\/wp-content\/uploads\/2021\/12\/16406254834284-768x423.jpg 768w, https:\/\/www.journalducameroun.com\/wp-content\/uploads\/2021\/12\/16406254834284-799x440.jpg 799w, https:\/\/www.journalducameroun.com\/wp-content\/uploads\/2021\/12\/16406254834284-600x330.jpg 600w\" sizes=\"auto, (max-width: 970px) 100vw, 970px\"><\/p>\n<p>Le pr\u00e9sident somalien Mohamed Abdallahi Farmajo et son Premier ministre Mohamed Hussien Roble se sont accus\u00e9s mutuellement au sujet de leur engagement \u00e0 mettre en place un processus menant \u00e0 des \u00e9lections nationales libres, \u00e9quitables et transparentes.Les deux hommes s&rsquo;\u00e9charpent depuis le report des \u00e9lections nationales qui devaient avoir lieu en 2021. Celles-ci ont \u00e9t\u00e9 report\u00e9es \u00e0 une date ult\u00e9rieure en raison de profonds d\u00e9saccords entre les diff\u00e9rentes parties.<\/p>\n<p>Dans une attaque cinglante, M. Farmajo a d\u00e9clar\u00e9 que le Premier ministre Roble s&rsquo;\u00e9tait d\u00e9rob\u00e9 \u00e0 son mandat de pr\u00e9sider \u00e0 la tenue des \u00e9lections retard\u00e9es et a prof\u00e9r\u00e9 une menace \u00e0 peine voil\u00e9e de prendre lui-m\u00eame en charge le processus.<\/p>\n<p>Il a appel\u00e9 \u00e0 une conf\u00e9rence nationale et a laiss\u00e9 entendre que M. Roble pourrait \u00eatre mis \u00e0 l&rsquo;\u00e9cart du processus, pour ce qu&rsquo;il a appel\u00e9 les retards et le manque d&rsquo;engagement du Premier ministre dans le processus.<\/p>\n<p>\u00ab Il a d\u00e9vi\u00e9 des r\u00e8gles du processus \u00e9lectoral&#8230; il a d\u00e9chir\u00e9 le mandat des commissions \u00e9lectorales et viol\u00e9 leur ind\u00e9pendance \u00bb, a d\u00e9clar\u00e9 le bureau du pr\u00e9sident Farmajo.<\/p>\n<p>Cependant, M. Roble, qui avait \u00e9t\u00e9 charg\u00e9 en mai dernier de faciliter le processus \u00e9lectoral, a r\u00e9pliqu\u00e9 au principal occupant de la Villa Somalia, accusant son patron d&rsquo;avoir fait une d\u00e9claration \u00ab destin\u00e9e \u00e0 perturber intentionnellement les \u00e9lections nationales \u00bb.<\/p>\n<p>Dans une d\u00e9claration faite dimanche \u00e0 l&rsquo;Agence de presse africaine (APA), le Premier ministre a d\u00e9clar\u00e9 que Farmajo \u00e9tait le frein \u00e0 l&rsquo;acc\u00e9l\u00e9ration du processus \u00e9lectoral.<\/p>\n<p>Et d&rsquo;ajouter : \u00ab Compte tenu du moment o\u00f9 la d\u00e9claration du Bureau du Pr\u00e9sident a \u00e9t\u00e9 faite, apr\u00e8s que le Premier ministre a annonc\u00e9 la tenue prochaine d&rsquo;une r\u00e9union du Conseil consultatif national afin d&rsquo;acc\u00e9l\u00e9rer les \u00e9lections et d&rsquo;am\u00e9liorer la transparence et la cr\u00e9dibilit\u00e9 du processus \u00e9lectoral, il est malheureusement clair que le Pr\u00e9sident est d\u00e9termin\u00e9 \u00e0 perturber le prochain forum consultatif, ce qui t\u00e9moigne de l&rsquo;aspiration constante du Pr\u00e9sident \u00e0 retarder davantage les \u00e9lections nationales en cours pour son int\u00e9r\u00eat personnel \u00bb.<\/p>\n<p>Il a d\u00e9clar\u00e9 que Farmajo avait pass\u00e9 son mandat de pr\u00e9sident \u00e0 \u00ab investir malheureusement beaucoup de temps, d&rsquo;\u00e9nergie et de finances pour faire \u00e9chouer les \u00e9lections nationales et chercher \u00e0 prolonger ill\u00e9galement son mandat, ce qui a nui aux efforts en cours pour acc\u00e9l\u00e9rer les \u00e9lections nationales et permettre au pays d&rsquo;organiser des \u00e9lections pacifiques \u00bb.<\/p>\n<p>M. Robe a d\u00e9clar\u00e9 que depuis qu&rsquo;il a assum\u00e9 son r\u00f4le de gestionnaire des \u00e9lections, le Pr\u00e9sident Farmajo s&rsquo;est av\u00e9r\u00e9 \u00eatre un obstacle \u00e0 la mise en \u0153uvre des lignes directrices convenues pour les \u00e9lections, et a utilis\u00e9 des tactiques sournoises en vue de faire d\u00e9railler l&rsquo;ensemble du processus.<\/p>\n<p>Tout en affirmant son engagement sans faille \u00e0 organiser des \u00e9lections libres, \u00e9quitables et ouvertes \u00e0 tous, le Premier ministre a promis qu&rsquo;il ne resterait pas les bras crois\u00e9s si Farmajo, en tant que candidat potentiel, tentait d&rsquo;exploiter le processus en sa faveur.<\/p>\n<p>Cet article <a rel=\"nofollow\" href=\"https:\/\/www.journalducameroun.com\/somalie-le-president-et-son-pm-a-couteaux-tires-sur-les-elections\/\">Somalie : le pr\u00e9sident et son PM \u00e0 couteaux tir\u00e9s sur les \u00e9lections<\/a> est apparu en premier sur <a rel=\"nofollow\" href=\"https:\/\/www.journalducameroun.com\/\">Journal du Cameroun<\/a>.<\/p>\n<\/div>\n<p>Auteur: APA News<br \/>\n<a href=\"https:\/\/www.journalducameroun.com\/somalie-le-president-et-son-pm-a-couteaux-tires-sur-les-elections\/\">Cliquez ici pour lire l&rsquo;article depuis sa source.<\/a><\/p>\n","protected":false},"excerpt":{"rendered":"<p>Le pr\u00e9sident somalien Mohamed Abdallahi Farmajo et son Premier ministre Mohamed Hussien Roble se sont accus\u00e9s mutuellement au sujet de leur engagement \u00e0 mettre en place un processus menant \u00e0 des \u00e9lections nationales libres, \u00e9quitables et transparentes.Les deux hommes s&rsquo;\u00e9charpent depuis le report des \u00e9lections nationales qui devaient avoir lieu en 2021. Celles-ci ont \u00e9t\u00e9 [&hellip;]<\/p>\n","protected":false},"author":1965,"featured_media":0,"comment_status":"closed","ping_status":"closed","sticky":false,"template":"","format":"standard","meta":{"fifu_image_url":"https:\/\/www.journalducameroun.com\/wp-content\/uploads\/2021\/12\/16406254834284.jpg","fifu_image_alt":"Somalie : le pr\u00e9sident et son PM \u00e0 couteaux tir\u00e9s sur les \u00e9lections","footnotes":""},"categories":[73,82],"tags":[],"class_list":["post-137037","post","type-post","status-publish","format-standard","hentry","category-actualite","category-cameroun"],"_links":{"self":[{"href":"https:\/\/linitiative.ca\/International\/wp-json\/wp\/v2\/posts\/137037","targetHints":{"allow":["GET"]}}],"collection":[{"href":"https:\/\/linitiative.ca\/International\/wp-json\/wp\/v2\/posts"}],"about":[{"href":"https:\/\/linitiative.ca\/International\/wp-json\/wp\/v2\/types\/post"}],"author":[{"embeddable":true,"href":"https:\/\/linitiative.ca\/International\/wp-json\/wp\/v2\/users\/1965"}],"replies":[{"embeddable":true,"href":"https:\/\/linitiative.ca\/International\/wp-json\/wp\/v2\/comments?post=137037"}],"version-history":[{"count":0,"href":"https:\/\/linitiative.ca\/International\/wp-json\/wp\/v2\/posts\/137037\/revisions"}],"wp:attachment":[{"href":"https:\/\/linitiative.ca\/International\/wp-json\/wp\/v2\/media?parent=137037"}],"wp:term":[{"taxonomy":"category","embeddable":true,"href":"https:\/\/linitiative.ca\/International\/wp-json\/wp\/v2\/categories?post=137037"},{"taxonomy":"post_tag","embeddable":true,"href":"https:\/\/linitiative.ca\/International\/wp-json\/wp\/v2\/tags?post=137037"}],"curies":[{"name":"wp","href":"https:\/\/api.w.org\/{rel}","templated":true}]}}