{"id":137039,"date":"2021-12-27T12:29:03","date_gmt":"2021-12-27T17:29:03","guid":{"rendered":"https:\/\/linitiative.ca\/International\/cameroun-alain-fogue-et-bibou-nissack-ecopent-de-07-ans-de-prison\/"},"modified":"2021-12-27T12:29:03","modified_gmt":"2021-12-27T17:29:03","slug":"cameroun-alain-fogue-et-bibou-nissack-ecopent-de-07-ans-de-prison","status":"publish","type":"post","link":"https:\/\/linitiative.ca\/International\/cameroun-alain-fogue-et-bibou-nissack-ecopent-de-07-ans-de-prison\/","title":{"rendered":"Cameroun : Alain Fogue et Bibou Nissack \u00e9copent de 07 ans de prison"},"content":{"rendered":"<div>\n<p><img decoding=\"async\" width=\"770\" height=\"473\" src=\"https:\/\/linitiative.ca\/International\/wp-content\/uploads\/sites\/23\/2021\/12\/Pr-Alain-Fogue-trC3A9sorier-du-MRC-et-Olivier-Bibou-Nissack-porte-parole-du-prC3A9sident-du-parti.png\" class=\"attachment-post-thumbnail size-post-thumbnail wp-post-image\" alt=\"\" loading=\"lazy\" srcset=\"https:\/\/linitiative.ca\/International\/wp-content\/uploads\/sites\/23\/2021\/12\/Pr-Alain-Fogue-trC3A9sorier-du-MRC-et-Olivier-Bibou-Nissack-porte-parole-du-prC3A9sident-du-parti.png 770w, https:\/\/www.journalducameroun.com\/wp-content\/uploads\/2021\/09\/Pr-Alain-Fogue-tr\u00e9sorier-du-MRC-et-Olivier-Bibou-Nissack-porte-parole-du-pr\u00e9sident-du-parti-300x184.png 300w, https:\/\/www.journalducameroun.com\/wp-content\/uploads\/2021\/09\/Pr-Alain-Fogue-tr\u00e9sorier-du-MRC-et-Olivier-Bibou-Nissack-porte-parole-du-pr\u00e9sident-du-parti-768x472.png 768w, https:\/\/www.journalducameroun.com\/wp-content\/uploads\/2021\/09\/Pr-Alain-Fogue-tr\u00e9sorier-du-MRC-et-Olivier-Bibou-Nissack-porte-parole-du-pr\u00e9sident-du-parti-716x440.png 716w, https:\/\/www.journalducameroun.com\/wp-content\/uploads\/2021\/09\/Pr-Alain-Fogue-tr\u00e9sorier-du-MRC-et-Olivier-Bibou-Nissack-porte-parole-du-pr\u00e9sident-du-parti-600x369.png 600w\" sizes=\"auto, (max-width: 770px) 100vw, 770px\"><\/p>\n<p><strong>D\u00e9cision rendue ce 27 d\u00e9cembre 2021 par le Tribunal militaire de Yaound\u00e9. Ces militants du Mouvement pour la renaissance du Cameroun (MRC) avaient \u00e9t\u00e9 arr\u00eat\u00e9s dans le cadre d\u2019une manifestation contre le pouvoir de Yaound\u00e9.<\/strong><\/p>\n<p>\u00a0<\/p>\n<p>\u00a0<\/p>\n<p>Pas de libert\u00e9 pour les 111 militants du MRC arr\u00eat\u00e9s en septembre 2020.\u00a0 Parmi eux, Alain Fogue, tr\u00e9sorier du MRC, \u00a0et Bibou Nissack, porte-parole de l\u2019opposant Maurice Kamto.<\/p>\n<p>Le Tribunal militaire de Yaound\u00e9 vient de condamner Alain Fogue \u00a0et Bibou Nissack\u00a0 \u00e0 7 ans de prison. Tout comme le militant Djioufo Ngabo.<\/p>\n<p>Il avaient \u00e9t\u00e9 arr\u00eat\u00e9s en septembre 2020 lorsqu\u2019ils s\u2019appr\u00eataient \u00e0 prendre part aux manifestations \u00ab\u00a0pacifiques\u00a0\u00bb organis\u00e9es par le MRC pour notamment contester l&rsquo;\u00e9lection de l&rsquo;actuel pr\u00e9sident de la R\u00e9publique Paul Biya et le \u00ab\u00a0glissement\u00a0\u00bb de la CAN 2019.<\/p>\n<p>Le 21 d\u00e9cembre 2021 le Mrc a lanc\u00e9 une campagne pour la lib\u00e9ration de ses 111 prisonniers. Le Tribunal militaire de Yaound\u00e9 a quant \u00e0\u00a0 lui \u00e9t\u00e9 sans piti\u00e9 ce jour.<\/p>\n<p>Cet article <a rel=\"nofollow\" href=\"https:\/\/www.journalducameroun.com\/cameroun-alain-fogue-et-bibou-nissack-ecopent-de-07-ans-de-prison-cameroun\/\">Cameroun : Alain Fogue et Bibou Nissack \u00e9copent de 07 ans de prison<\/a> est apparu en premier sur <a rel=\"nofollow\" href=\"https:\/\/www.journalducameroun.com\/\">Journal du Cameroun<\/a>.<\/p>\n<\/div>\n<p>Auteur: Christian DJIMADEU<br \/>\n<a href=\"https:\/\/www.journalducameroun.com\/cameroun-alain-fogue-et-bibou-nissack-ecopent-de-07-ans-de-prison-cameroun\/\">Cliquez ici pour lire l&rsquo;article depuis sa source.<\/a><\/p>\n","protected":false},"excerpt":{"rendered":"<p>D\u00e9cision rendue ce 27 d\u00e9cembre 2021 par le Tribunal militaire de Yaound\u00e9. Ces militants du Mouvement pour la renaissance du Cameroun (MRC) avaient \u00e9t\u00e9 arr\u00eat\u00e9s dans le cadre d\u2019une manifestation contre le pouvoir de Yaound\u00e9. \u00a0 \u00a0 Pas de libert\u00e9 pour les 111 militants du MRC arr\u00eat\u00e9s en septembre 2020.\u00a0 Parmi eux, Alain Fogue, tr\u00e9sorier [&hellip;]<\/p>\n","protected":false},"author":1965,"featured_media":0,"comment_status":"closed","ping_status":"closed","sticky":false,"template":"","format":"standard","meta":{"fifu_image_url":"https:\/\/www.journalducameroun.com\/wp-content\/uploads\/2021\/09\/Pr-Alain-Fogue-tr\u00e9sorier-du-MRC-et-Olivier-Bibou-Nissack-porte-parole-du-pr\u00e9sident-du-parti.png","fifu_image_alt":"Cameroun : Alain Fogue et Bibou Nissack \u00e9copent de 07 ans de prison","footnotes":""},"categories":[73,82],"tags":[],"class_list":["post-137039","post","type-post","status-publish","format-standard","hentry","category-actualite","category-cameroun"],"_links":{"self":[{"href":"https:\/\/linitiative.ca\/International\/wp-json\/wp\/v2\/posts\/137039","targetHints":{"allow":["GET"]}}],"collection":[{"href":"https:\/\/linitiative.ca\/International\/wp-json\/wp\/v2\/posts"}],"about":[{"href":"https:\/\/linitiative.ca\/International\/wp-json\/wp\/v2\/types\/post"}],"author":[{"embeddable":true,"href":"https:\/\/linitiative.ca\/International\/wp-json\/wp\/v2\/users\/1965"}],"replies":[{"embeddable":true,"href":"https:\/\/linitiative.ca\/International\/wp-json\/wp\/v2\/comments?post=137039"}],"version-history":[{"count":0,"href":"https:\/\/linitiative.ca\/International\/wp-json\/wp\/v2\/posts\/137039\/revisions"}],"wp:attachment":[{"href":"https:\/\/linitiative.ca\/International\/wp-json\/wp\/v2\/media?parent=137039"}],"wp:term":[{"taxonomy":"category","embeddable":true,"href":"https:\/\/linitiative.ca\/International\/wp-json\/wp\/v2\/categories?post=137039"},{"taxonomy":"post_tag","embeddable":true,"href":"https:\/\/linitiative.ca\/International\/wp-json\/wp\/v2\/tags?post=137039"}],"curies":[{"name":"wp","href":"https:\/\/api.w.org\/{rel}","templated":true}]}}