{"id":137064,"date":"2021-12-27T13:00:00","date_gmt":"2021-12-27T18:00:00","guid":{"rendered":"https:\/\/linitiative.ca\/International\/celebrations-hautes-en-couleurs-a-loccasion-de-la-journee-nationale-du-royaume\/"},"modified":"2021-12-27T13:00:00","modified_gmt":"2021-12-27T18:00:00","slug":"celebrations-hautes-en-couleurs-a-loccasion-de-la-journee-nationale-du-royaume","status":"publish","type":"post","link":"https:\/\/linitiative.ca\/International\/celebrations-hautes-en-couleurs-a-loccasion-de-la-journee-nationale-du-royaume\/","title":{"rendered":"C\u00e9l\u00e9brations hautes en couleurs \u00e0 l\u2019occasion de la Journ\u00e9e nationale du Royaume"},"content":{"rendered":"<div>\n<p class=\"has-text-align-center has-vivid-red-color has-text-color\"><strong>Expo 2020 Duba\u00ef<\/strong><\/p>\n<p class=\"has-black-color has-text-color\"><strong>Des c\u00e9l\u00e9brations hautes en couleurs ont marqu\u00e9 le lancement, dimanche \u00e0 Duba\u00ef, de la Journ\u00e9e nationale du Royaume du Maroc \u00e0 l\u2019Exposition universelle Duba\u00ef 2020, en pr\u00e9sence d\u2019\u00e9minentes personnalit\u00e9s marocaines et \u00e9miraties.<\/strong><\/p>\n<p class=\"has-black-color has-text-color\">Lanc\u00e9es depuis la place Al Wasl, c\u0153ur battant de l\u2019Expo 2020 Duba\u00ef, par le Chef du gouvernement Aziz Akhannouch, en pr\u00e9sence du ministre des des Affaires Etrang\u00e8res, de la Coop\u00e9ration africaine et des Marocains r\u00e9sidant \u00e0 l\u2019\u00e9tranger, Nasser Bourita, et de la ministre de l\u2019Economie et des Finances, commissaire du pavillon marocain \u00e0 l\u2019Expo 2020 Duba\u00ef, Nadia Fettah Alaoui, les c\u00e9l\u00e9brations ont d\u00e9but\u00e9 par une c\u00e9r\u00e9monie de lever de drapeaux marocain et \u00e9mirati, sur fond d\u2019hymnes nationaux des deux pays.<\/p>\n<p class=\"has-black-color has-text-color\">A l\u2019issue des allocutions d\u2019ouverture de MM. Aziz Akhannouch et Sultan bin Ahmad Al Jaber, ministre \u00e9mirati de l\u2019Industrie et des Technologies avanc\u00e9es, dans lesquels ils ont soulign\u00e9 la profondeur des relations bilat\u00e9rales et les perspectives de les d\u00e9velopper, ainsi que les opportunit\u00e9s de coop\u00e9ration qu\u2019elles offrent, l\u2019assistance, qui comptait \u00e9galement Cheikh Ahmed bin Saeed al-Maktoum, pr\u00e9sident de l\u2019Autorit\u00e9 de l\u2019aviation civile de Duba\u00ef, PDG de la compagnie a\u00e9rienne Emirates Airline et pr\u00e9sident du Haut Comit\u00e9 de l\u2019Expo 2020 Duba\u00ef, a \u00e9t\u00e9 convi\u00e9e \u00e0 appr\u00e9cier des pi\u00e8ces de piano jou\u00e9es par l\u2019artiste Marwan Benabdallah.<\/p>\n<p class=\"has-black-color has-text-color\">Les membres des d\u00e9l\u00e9gations marocaine et \u00e9miratie ont, par la suite, visit\u00e9 les diff\u00e9rentes composantes du pavillon Maroc, avant de suivre des explications notamment autour des 13 salles th\u00e9matiques qui met en lumi\u00e8re la richesse du patrimoine culturel et artistique marocain, ainsi que les richesses dont rec\u00e8le le Royaume dans divers domaines. Les deux d\u00e9l\u00e9gations ont \u00e9galement visit\u00e9 le Pavillon \u00e9mirati, qui a \u00e9t\u00e9 con\u00e7u sous la forme d\u2019un faucon en plein vol, qui relate l\u2019histoire de la r\u00e9ussite de ce pays.<\/p>\n<p class=\"has-black-color has-text-color\">Au niveau du pavillon Leadership, o\u00f9 la d\u00e9l\u00e9gation marocaine a visit\u00e9 \u00ab\u00a0l\u2019Exposition du cinquantenaire\u00a0\u00bb des Emirats Arabes Unis, Cheikh Ahmed bin Saeed al-Maktoum a remis la cl\u00e9 de la ville de Duba\u00ef \u00e0 M. Akhannouch, qui lui a offert un arganier en guise de cadeau, avant de signer le livre d\u2019or du pavillon \u00e9mirati.<\/p>\n<p class=\"has-black-color has-text-color\">Les deux d\u00e9l\u00e9gations ont ensuite suivi un show a\u00e9rien \u00e9blouissant assur\u00e9 par la prestigieuse patrouille marocaine \u00ab\u00a0La Marche Verte\u00a0\u00bb, relevant des Forces arm\u00e9es royales, avec la participation d\u2019un escadron de six a\u00e9ronefs. La patrouille de voltige a pr\u00e9sent\u00e9, en pr\u00e9sence d\u2019un public nombreux, de tr\u00e8s belles acrobaties a\u00e9riennes \u00e0 couper le souffle.<\/p>\n<p class=\"has-black-color has-text-color\">Dans une d\u00e9claration \u00e0 la presse \u00e0 l\u2019issue de ces c\u00e9l\u00e9brations, marqu\u00e9es \u00e9galement par la pr\u00e9sence de la ministre d\u2019Etat \u00e9miratie \u00e0 la coop\u00e9ration internationale, Rim Al Hachemi, Directrice g\u00e9n\u00e9rale de l\u2019Expo 2020, le Chef du gouvernement a tenu \u00e0 r\u00e9affirmer la solidit\u00e9 des relations maroco-\u00e9miraties, ainsi que les liens fraternels unissant SM le Roi Mohammed VI et Cheikh Mohamed Ben Zayed Al Nahyane, Prince h\u00e9ritier d\u2019Abu Dhabi, commandant supr\u00eame adjoint des Forces arm\u00e9es des Emirats arabes unis, soulignant la pr\u00e9sence distingu\u00e9e du Maroc dans cette exposition universelle, \u00e0 travers un pavillon authentique refl\u00e9tant le patrimoine culturel et historique du Royaume.<br \/>Il a relev\u00e9 que ce pavillon constitue un voyage vers le futur et s\u2019inscrit dans le cadre de la durabilit\u00e9 en ce qui concerne la s\u00e9curit\u00e9 alimentaire, en plus de bien d\u2019autres domaines.<\/p>\n<p class=\"has-black-color has-text-color\">La c\u00e9l\u00e9bration de la Journ\u00e9e nationale du Royaume a \u00e9t\u00e9 l\u2019occasion de mettre en lumi\u00e8re la culture mill\u00e9naire du Maroc, ainsi que ses r\u00e9alisations dans les domaines \u00e9conomiques, sociaux, scientifiques et bien d\u2019autres.<br \/>Situ\u00e9 au c\u0153ur du District Opportunit\u00e9, pr\u00e8s du pavillon des \u00c9mirats Arabes Unis et non loin d&rsquo;\u00a0\u00bbWasl Plaza\u00a0\u00bb, monument central du site d\u2019Expo 2020 Duba\u00ef, le Pavillon Maroc constitue une plateforme de partage de la vision strat\u00e9gique du Royaume pour un avenir plus durable.<\/p>\n<p class=\"has-black-color has-text-color\">Les visiteurs entament leur tourn\u00e9e dans le Pavillon depuis la salle situ\u00e9e au rez-de-chauss\u00e9e o\u00f9 est dress\u00e9 un large portrait de Sa Majest\u00e9 le Roi Mohammed VI, aux c\u00f4t\u00e9s de la carte du Maroc et d\u2019autres documents historiques relatant les liens d\u2019all\u00e9geance qui ont toujours li\u00e9 le peuple marocain, avec toutes ses composantes et ses r\u00e9gions, y compris les Provinces du Sud, aux Sultans Alaouites.<\/p>\n<p class=\"has-black-color has-text-color\">Les convives du pavillon marocain poursuivent, ensuite, leur visite \u00e0 travers les 7 \u00e9tages du Pavillon qui refl\u00e8tent la richesse du patrimoine architectural et le savoir-faire artisanal, qui font la fiert\u00e9 du Royaume.<br \/>En plus d\u2019une programmation artistique, culturelle, \u00e9conomique et scientifique diversifi\u00e9e, le Pavillon Maroc met l\u2019accent sur l\u2019engagement du Maroc en faveur de l\u2019avenir de la plan\u00e8te terre, la richesse d\u2019un pays fort de ses comp\u00e9tences et la dynamique du d\u00e9veloppement dans laquelle le pays s\u2019est engag\u00e9.<br \/>\u00abL\u2019Expo 2020 Duba\u00ef\u00bb, dont l\u2019organisation a \u00e9t\u00e9 report\u00e9e l\u2019ann\u00e9e derni\u00e8re en raison de la pand\u00e9mie du Coronavirus, se tient sur une superficie de 4,38 kilom\u00e8tres carr\u00e9s, sous le slogan \u00abConnecter les esprits, construire le futur\u00bb.<\/p>\n<p>L\u2019article <a rel=\"nofollow\" href=\"http:\/\/albayane.press.ma\/celebrations-hautes-en-couleurs-a-loccasion-de-la-journee-nationale-du-royaume.html\">C\u00e9l\u00e9brations hautes en couleurs \u00e0 l\u2019occasion de la Journ\u00e9e nationale du Royaume<\/a> est apparu en premier sur <a rel=\"nofollow\" href=\"http:\/\/albayane.press.ma\/\">ALBAYANE<\/a>.<\/p>\n<\/div>\n<p>Auteur: M&rsquo;hammed rahal<br \/>\n<a href=\"http:\/\/albayane.press.ma\/celebrations-hautes-en-couleurs-a-loccasion-de-la-journee-nationale-du-royaume.html\">Cliquez ici pour lire l&rsquo;article depuis sa source.<\/a><\/p>\n","protected":false},"excerpt":{"rendered":"<p>Expo 2020 Duba\u00ef Des c\u00e9l\u00e9brations hautes en couleurs ont marqu\u00e9 le lancement, dimanche \u00e0 Duba\u00ef, de la Journ\u00e9e nationale du Royaume du Maroc \u00e0 l\u2019Exposition universelle Duba\u00ef 2020, en pr\u00e9sence d\u2019\u00e9minentes personnalit\u00e9s marocaines et \u00e9miraties. Lanc\u00e9es depuis la place Al Wasl, c\u0153ur battant de l\u2019Expo 2020 Duba\u00ef, par le Chef du gouvernement Aziz Akhannouch, en [&hellip;]<\/p>\n","protected":false},"author":1760,"featured_media":0,"comment_status":"closed","ping_status":"closed","sticky":false,"template":"","format":"standard","meta":{"fifu_image_url":"","fifu_image_alt":"","footnotes":""},"categories":[73,54],"tags":[],"class_list":["post-137064","post","type-post","status-publish","format-standard","hentry","category-actualite","category-maroc"],"_links":{"self":[{"href":"https:\/\/linitiative.ca\/International\/wp-json\/wp\/v2\/posts\/137064","targetHints":{"allow":["GET"]}}],"collection":[{"href":"https:\/\/linitiative.ca\/International\/wp-json\/wp\/v2\/posts"}],"about":[{"href":"https:\/\/linitiative.ca\/International\/wp-json\/wp\/v2\/types\/post"}],"author":[{"embeddable":true,"href":"https:\/\/linitiative.ca\/International\/wp-json\/wp\/v2\/users\/1760"}],"replies":[{"embeddable":true,"href":"https:\/\/linitiative.ca\/International\/wp-json\/wp\/v2\/comments?post=137064"}],"version-history":[{"count":0,"href":"https:\/\/linitiative.ca\/International\/wp-json\/wp\/v2\/posts\/137064\/revisions"}],"wp:attachment":[{"href":"https:\/\/linitiative.ca\/International\/wp-json\/wp\/v2\/media?parent=137064"}],"wp:term":[{"taxonomy":"category","embeddable":true,"href":"https:\/\/linitiative.ca\/International\/wp-json\/wp\/v2\/categories?post=137064"},{"taxonomy":"post_tag","embeddable":true,"href":"https:\/\/linitiative.ca\/International\/wp-json\/wp\/v2\/tags?post=137064"}],"curies":[{"name":"wp","href":"https:\/\/api.w.org\/{rel}","templated":true}]}}