{"id":137091,"date":"2021-12-28T13:09:35","date_gmt":"2021-12-28T18:09:35","guid":{"rendered":"https:\/\/linitiative.ca\/International\/onee-oriental-le-reseau-de-transport-delectricite-certifie-iso-9001\/"},"modified":"2021-12-28T13:09:35","modified_gmt":"2021-12-28T18:09:35","slug":"onee-oriental-le-reseau-de-transport-delectricite-certifie-iso-9001","status":"publish","type":"post","link":"https:\/\/linitiative.ca\/International\/onee-oriental-le-reseau-de-transport-delectricite-certifie-iso-9001\/","title":{"rendered":"ONEE\/Oriental: Le R\u00e9seau de Transport d\u2019\u00c9lectricit\u00e9 certifi\u00e9 ISO 9001"},"content":{"rendered":"<div>\n<div class=\"field field-name-body field-type-text-with-summary field-label-hidden\">\n<div class=\"field-items\">\n<div class=\"field-item even\" property=\"content:encoded\">\n<p class=\"rtejustify\">Le R\u00e9seau de Transport d\u2019\u00c9lectricit\u00e9 de l\u2019Office national de l\u2019\u00e9lectricit\u00e9 et de l\u2019eau potable (ONEE) de la R\u00e9gion de l\u2019Oriental vient d\u2019obtenir la Certification ISO 9001.<\/p>\n<\/div>\n<\/div>\n<\/div>\n<\/div>\n<p>Auteur: mbasraoui<br \/>\n<a href=\"https:\/\/www.leconomiste.com\/flash-infos\/onee-oriental-le-reseau-de-transport-d-electricite-certifie-iso-9001\">Cliquez ici pour lire l&rsquo;article depuis sa source.<\/a><\/p>\n","protected":false},"excerpt":{"rendered":"<p>Le R\u00e9seau de Transport d\u2019\u00c9lectricit\u00e9 de l\u2019Office national de l\u2019\u00e9lectricit\u00e9 et de l\u2019eau potable (ONEE) de la R\u00e9gion de l\u2019Oriental vient d\u2019obtenir la Certification ISO 9001. Auteur: mbasraoui Cliquez ici pour lire l&rsquo;article depuis sa source.<\/p>\n","protected":false},"author":1763,"featured_media":0,"comment_status":"closed","ping_status":"closed","sticky":false,"template":"","format":"standard","meta":{"fifu_image_url":"","fifu_image_alt":"","footnotes":""},"categories":[78,54],"tags":[],"class_list":["post-137091","post","type-post","status-publish","format-standard","hentry","category-economie","category-maroc"],"_links":{"self":[{"href":"https:\/\/linitiative.ca\/International\/wp-json\/wp\/v2\/posts\/137091","targetHints":{"allow":["GET"]}}],"collection":[{"href":"https:\/\/linitiative.ca\/International\/wp-json\/wp\/v2\/posts"}],"about":[{"href":"https:\/\/linitiative.ca\/International\/wp-json\/wp\/v2\/types\/post"}],"author":[{"embeddable":true,"href":"https:\/\/linitiative.ca\/International\/wp-json\/wp\/v2\/users\/1763"}],"replies":[{"embeddable":true,"href":"https:\/\/linitiative.ca\/International\/wp-json\/wp\/v2\/comments?post=137091"}],"version-history":[{"count":0,"href":"https:\/\/linitiative.ca\/International\/wp-json\/wp\/v2\/posts\/137091\/revisions"}],"wp:attachment":[{"href":"https:\/\/linitiative.ca\/International\/wp-json\/wp\/v2\/media?parent=137091"}],"wp:term":[{"taxonomy":"category","embeddable":true,"href":"https:\/\/linitiative.ca\/International\/wp-json\/wp\/v2\/categories?post=137091"},{"taxonomy":"post_tag","embeddable":true,"href":"https:\/\/linitiative.ca\/International\/wp-json\/wp\/v2\/tags?post=137091"}],"curies":[{"name":"wp","href":"https:\/\/api.w.org\/{rel}","templated":true}]}}