{"id":137093,"date":"2021-12-28T13:40:22","date_gmt":"2021-12-28T18:40:22","guid":{"rendered":"https:\/\/linitiative.ca\/International\/le-crt-de-beni-mellal-khenifra-lance-son-nouveau-site\/"},"modified":"2021-12-28T13:40:22","modified_gmt":"2021-12-28T18:40:22","slug":"le-crt-de-beni-mellal-khenifra-lance-son-nouveau-site","status":"publish","type":"post","link":"https:\/\/linitiative.ca\/International\/le-crt-de-beni-mellal-khenifra-lance-son-nouveau-site\/","title":{"rendered":"Le CRT de B\u00e9ni Mellal-Kh\u00e9nifra lance son nouveau site"},"content":{"rendered":"<div>\n<div class=\"field field-name-body field-type-text-with-summary field-label-hidden\">\n<div class=\"field-items\">\n<div class=\"field-item even\" property=\"content:encoded\">\n<p class=\"rtejustify\">Le Conseil R\u00e9gional du Tourisme de B\u00e9ni Mellal-Kh\u00e9nifra, en partenariat avec l\u2019Office National Marocain du Tourisme et le Conseil de la R\u00e9gion de B\u00e9ni Mellal-Kh\u00e9nifra, a proc\u00e9d\u00e9 au lancement de son nouveau site web <strong><a href=\"http:\/\/www.visitbenimellal.com\/\"><span style=\"color:#0000FF;\">www.visitbenimellal.com<\/span><\/a><\/strong> .<\/p>\n<\/div>\n<\/div>\n<\/div>\n<\/div>\n<p>Auteur: mbasraoui<br \/>\n<a href=\"https:\/\/www.leconomiste.com\/flash-infos\/le-crt-de-beni-mellal-khenifra-lance-son-nouveau-site\">Cliquez ici pour lire l&rsquo;article depuis sa source.<\/a><\/p>\n","protected":false},"excerpt":{"rendered":"<p>Le Conseil R\u00e9gional du Tourisme de B\u00e9ni Mellal-Kh\u00e9nifra, en partenariat avec l\u2019Office National Marocain du Tourisme et le Conseil de la R\u00e9gion de B\u00e9ni Mellal-Kh\u00e9nifra, a proc\u00e9d\u00e9 au lancement de son nouveau site web www.visitbenimellal.com . Auteur: mbasraoui Cliquez ici pour lire l&rsquo;article depuis sa source.<\/p>\n","protected":false},"author":1763,"featured_media":0,"comment_status":"closed","ping_status":"closed","sticky":false,"template":"","format":"standard","meta":{"fifu_image_url":"","fifu_image_alt":"","footnotes":""},"categories":[78,54],"tags":[],"class_list":["post-137093","post","type-post","status-publish","format-standard","hentry","category-economie","category-maroc"],"_links":{"self":[{"href":"https:\/\/linitiative.ca\/International\/wp-json\/wp\/v2\/posts\/137093","targetHints":{"allow":["GET"]}}],"collection":[{"href":"https:\/\/linitiative.ca\/International\/wp-json\/wp\/v2\/posts"}],"about":[{"href":"https:\/\/linitiative.ca\/International\/wp-json\/wp\/v2\/types\/post"}],"author":[{"embeddable":true,"href":"https:\/\/linitiative.ca\/International\/wp-json\/wp\/v2\/users\/1763"}],"replies":[{"embeddable":true,"href":"https:\/\/linitiative.ca\/International\/wp-json\/wp\/v2\/comments?post=137093"}],"version-history":[{"count":0,"href":"https:\/\/linitiative.ca\/International\/wp-json\/wp\/v2\/posts\/137093\/revisions"}],"wp:attachment":[{"href":"https:\/\/linitiative.ca\/International\/wp-json\/wp\/v2\/media?parent=137093"}],"wp:term":[{"taxonomy":"category","embeddable":true,"href":"https:\/\/linitiative.ca\/International\/wp-json\/wp\/v2\/categories?post=137093"},{"taxonomy":"post_tag","embeddable":true,"href":"https:\/\/linitiative.ca\/International\/wp-json\/wp\/v2\/tags?post=137093"}],"curies":[{"name":"wp","href":"https:\/\/api.w.org\/{rel}","templated":true}]}}