{"id":137099,"date":"2021-12-28T14:45:00","date_gmt":"2021-12-28T19:45:00","guid":{"rendered":"https:\/\/linitiative.ca\/International\/les-verts-entament-leur-stage-de-preparation-a-doha\/"},"modified":"2021-12-28T14:45:00","modified_gmt":"2021-12-28T19:45:00","slug":"les-verts-entament-leur-stage-de-preparation-a-doha","status":"publish","type":"post","link":"https:\/\/linitiative.ca\/International\/les-verts-entament-leur-stage-de-preparation-a-doha\/","title":{"rendered":"Les Verts entament leur stage de pr\u00e9paration \u00e0 Doha"},"content":{"rendered":"<div>Les joueurs de la s\u00e9lection nationale d\u00e9butent ce mardi leur stage au Qatar en pr\u00e9vision de la Coupe d&rsquo;Afrique des Nations<\/div>\n<p>Auteur:<br \/>\n<a href=\"https:\/\/www.lebuteur.com\/article\/detail?titre=les-verts-entament-leur-stage-de-preparation-a-doha&#038;id=101935\">Cliquez ici pour lire l&rsquo;article depuis sa source.<\/a><\/p>\n","protected":false},"excerpt":{"rendered":"<p>Les joueurs de la s\u00e9lection nationale d\u00e9butent ce mardi leur stage au Qatar en pr\u00e9vision de la Coupe d&rsquo;Afrique des Nations Auteur: Cliquez ici pour lire l&rsquo;article depuis sa source.<\/p>\n","protected":false},"author":1738,"featured_media":0,"comment_status":"closed","ping_status":"closed","sticky":false,"template":"","format":"standard","meta":{"fifu_image_url":"","fifu_image_alt":"","footnotes":""},"categories":[53,75],"tags":[],"class_list":["post-137099","post","type-post","status-publish","format-standard","hentry","category-algerie","category-sport"],"_links":{"self":[{"href":"https:\/\/linitiative.ca\/International\/wp-json\/wp\/v2\/posts\/137099","targetHints":{"allow":["GET"]}}],"collection":[{"href":"https:\/\/linitiative.ca\/International\/wp-json\/wp\/v2\/posts"}],"about":[{"href":"https:\/\/linitiative.ca\/International\/wp-json\/wp\/v2\/types\/post"}],"author":[{"embeddable":true,"href":"https:\/\/linitiative.ca\/International\/wp-json\/wp\/v2\/users\/1738"}],"replies":[{"embeddable":true,"href":"https:\/\/linitiative.ca\/International\/wp-json\/wp\/v2\/comments?post=137099"}],"version-history":[{"count":0,"href":"https:\/\/linitiative.ca\/International\/wp-json\/wp\/v2\/posts\/137099\/revisions"}],"wp:attachment":[{"href":"https:\/\/linitiative.ca\/International\/wp-json\/wp\/v2\/media?parent=137099"}],"wp:term":[{"taxonomy":"category","embeddable":true,"href":"https:\/\/linitiative.ca\/International\/wp-json\/wp\/v2\/categories?post=137099"},{"taxonomy":"post_tag","embeddable":true,"href":"https:\/\/linitiative.ca\/International\/wp-json\/wp\/v2\/tags?post=137099"}],"curies":[{"name":"wp","href":"https:\/\/api.w.org\/{rel}","templated":true}]}}