{"id":137147,"date":"2021-12-28T12:35:00","date_gmt":"2021-12-28T17:35:00","guid":{"rendered":"https:\/\/linitiative.ca\/International\/protectionnisme-le-cameroun-gele-les-exportations-dhuiles-vegetales-et-de-cereales\/"},"modified":"2021-12-28T12:35:00","modified_gmt":"2021-12-28T17:35:00","slug":"protectionnisme-le-cameroun-gele-les-exportations-dhuiles-vegetales-et-de-cereales","status":"publish","type":"post","link":"https:\/\/linitiative.ca\/International\/protectionnisme-le-cameroun-gele-les-exportations-dhuiles-vegetales-et-de-cereales\/","title":{"rendered":"Protectionnisme : le Cameroun g\u00e8le les exportations d\u2019huiles v\u00e9g\u00e9tales et de c\u00e9r\u00e9ales"},"content":{"rendered":"<div>\n<p>Depuis le 27 d\u00e9cembre dernier, les exportations de c\u00e9r\u00e9ales, notamment des arachides, et des huiles v\u00e9g\u00e9tales \u00e0 partir du Cameroun ont \u00e9t\u00e9 gel\u00e9es. La mesure provisoire du Directeur g\u00e9n\u00e9ral des Douanes (DGD), Fongod Edwin Nuvaga, qui devance ainsi le ministre du Commerce, vise \u00e0 s\u2019assurer que la production nationale dans ces secteurs soit exclusivement destin\u00e9e au march\u00e9 int\u00e9rieur, dans un contexte de flamb\u00e9e g\u00e9n\u00e9ralis\u00e9e des prix des denr\u00e9es de grande consommation doubl\u00e9 de lourdes perturbations dans le circuit d\u2019approvisionnement sur le march\u00e9s international inh\u00e9rentes \u00e0 la pand\u00e9mie de COVID-19. C\u2019est une mesure qui ne surprend gu\u00e8re puisque, quelques semaines avant, le 03 d\u00e9cembre, le ministre du Commerce, Luc Magloire Mbarga Atangana, avait d\u00e9j\u00e0 instruit le gouverneur de la r\u00e9gion de l\u2019Extr\u00eame-Nord de tout mettre en \u0153uvre avec la collaboration des services locaux des Douanes pour que les exportations de c\u00e9r\u00e9ales, notamment du riz, du ma\u00efs et mil et du sorgho ne soient\u00a0\u00a0possibles vers le Nigeria et le Tchad, deux pays frontaliers qui ont toujours constitu\u00e9 un march\u00e9 naturel pour les producteurs villageois de cette r\u00e9gion.<\/p>\n<p>Entre autres huiles v\u00e9g\u00e9tales concern\u00e9es par cette mesure d\u2019interdiction, les marques Mayor, Azur, Neima, Star Oil et Diamaor que raffine la Soci\u00e9t\u00e9 de d\u00e9veloppement du coton. Pour m\u00e9moire, au Cameroun, les industries de la deuxi\u00e8me transformation raffinent pr\u00e8s 1,2 millions de tonnes d\u2019huile par an, essentiellement destin\u00e9es \u00e0 l\u2019approvisionnement du march\u00e9 domestique. Courant novembre 2021, le Premier ministre a inaugur\u00e9 \u00e0 Mbankomo dans la banlieue de Yaound\u00e9, la Compagnie fermi\u00e8re du Cameroun (CFC). Fruit d\u2019un partenariat entre\u00a0\u00a0\u00a0\u00a0\u00a0\u00a0\u00a0les groupes fran\u00e7ais Castel (\u00e0 travers sa filiale la Soci\u00e9t\u00e9 anonyme des brasseries du Cameroun) et Vilgrain (la maison m\u00e8re de la Soci\u00e9t\u00e9 sucri\u00e8re du Cameroun), cette usine qui a n\u00e9cessit\u00e9 un investissement de 15 milliards Fcfa va augmenter substantiellement la demande nationale en c\u00e9r\u00e9ales, notamment le ma\u00efs. Chaque ann\u00e9e, le march\u00e9 local devra lui fournir 40.000 tonnes de ma\u00efs brut pour produire 20.000 tonnes de gritz de ma\u00efs indispensable dans la fabrication de la bi\u00e8re.\u00a0\u00a0<\/p>\n<p>Il y a donc n\u00e9cessit\u00e9 de faire un tour de vis sur les exportations de certaines mati\u00e8res afin de mieux ma\u00eetriser la demande nationale et \u00e9ventuellement parvenir \u00e0 diminuer graduellement les importations qui p\u00e8sent tant sur la balance commerciale. Pour m\u00e9moire, alors que Cameroun importe en moyenne pour 100 milliards Fcfa le riz chaque ann\u00e9e, le pays exporte curieusement 70% de sa production vers le Nigeria vers le Nigeria, selon une \u00e9tude rendue publique en ao\u00fbt 2021 par le Bureau de mise \u00e0 niveau des entreprises (Bmn). Cette situation s\u2019explique par les difficult\u00e9s pour les producteurs \u00e0 acheminer le riz produit notamment dans l\u2019Extr\u00eame-Nord vers le march\u00e9 int\u00e9rieur. En effet, le co\u00fbt \u00e9lev\u00e9 du transport rend moins comp\u00e9titif ce riz-l\u00e0 dans le march\u00e9 int\u00e9rieur face aux vari\u00e9t\u00e9s import\u00e9es.\u00a0<\/p>\n<p><strong>Jean Omer Eyango<\/strong><\/p>\n<p>L\u2019article <a rel=\"nofollow\" href=\"https:\/\/ecomatin.net\/protectionnisme-le-cameroun-gele-les-exportations-dhuiles-vegetales-et-de-cereales\/\">Protectionnisme : le Cameroun g\u00e8le les exportations d\u2019huiles v\u00e9g\u00e9tales et de c\u00e9r\u00e9ales<\/a> est apparu en premier sur <a rel=\"nofollow\" href=\"https:\/\/ecomatin.net\/\">EcoMatin<\/a>.<\/p>\n<\/div>\n<p>Auteur: EcoMatin<br \/>\n<a href=\"https:\/\/ecomatin.net\/protectionnisme-le-cameroun-gele-les-exportations-dhuiles-vegetales-et-de-cereales\/\">Cliquez ici pour lire l&rsquo;article depuis sa source.<\/a><\/p>\n","protected":false},"excerpt":{"rendered":"<p>Depuis le 27 d\u00e9cembre dernier, les exportations de c\u00e9r\u00e9ales, notamment des arachides, et des huiles v\u00e9g\u00e9tales \u00e0 partir du Cameroun ont \u00e9t\u00e9 gel\u00e9es. La mesure provisoire du Directeur g\u00e9n\u00e9ral des Douanes (DGD), Fongod Edwin Nuvaga, qui devance ainsi le ministre du Commerce, vise \u00e0 s\u2019assurer que la production nationale dans ces secteurs soit exclusivement destin\u00e9e [&hellip;]<\/p>\n","protected":false},"author":1969,"featured_media":0,"comment_status":"closed","ping_status":"closed","sticky":false,"template":"","format":"standard","meta":{"fifu_image_url":"","fifu_image_alt":"","footnotes":""},"categories":[82,78],"tags":[],"class_list":["post-137147","post","type-post","status-publish","format-standard","hentry","category-cameroun","category-economie"],"_links":{"self":[{"href":"https:\/\/linitiative.ca\/International\/wp-json\/wp\/v2\/posts\/137147","targetHints":{"allow":["GET"]}}],"collection":[{"href":"https:\/\/linitiative.ca\/International\/wp-json\/wp\/v2\/posts"}],"about":[{"href":"https:\/\/linitiative.ca\/International\/wp-json\/wp\/v2\/types\/post"}],"author":[{"embeddable":true,"href":"https:\/\/linitiative.ca\/International\/wp-json\/wp\/v2\/users\/1969"}],"replies":[{"embeddable":true,"href":"https:\/\/linitiative.ca\/International\/wp-json\/wp\/v2\/comments?post=137147"}],"version-history":[{"count":0,"href":"https:\/\/linitiative.ca\/International\/wp-json\/wp\/v2\/posts\/137147\/revisions"}],"wp:attachment":[{"href":"https:\/\/linitiative.ca\/International\/wp-json\/wp\/v2\/media?parent=137147"}],"wp:term":[{"taxonomy":"category","embeddable":true,"href":"https:\/\/linitiative.ca\/International\/wp-json\/wp\/v2\/categories?post=137147"},{"taxonomy":"post_tag","embeddable":true,"href":"https:\/\/linitiative.ca\/International\/wp-json\/wp\/v2\/tags?post=137147"}],"curies":[{"name":"wp","href":"https:\/\/api.w.org\/{rel}","templated":true}]}}