{"id":137163,"date":"2021-12-28T13:00:00","date_gmt":"2021-12-28T18:00:00","guid":{"rendered":"https:\/\/linitiative.ca\/International\/reunion-sur-la-rehabilitation-des-commerces-endommages-et-la-reprise-des-activites\/"},"modified":"2021-12-28T13:00:00","modified_gmt":"2021-12-28T18:00:00","slug":"reunion-sur-la-rehabilitation-des-commerces-endommages-et-la-reprise-des-activites","status":"publish","type":"post","link":"https:\/\/linitiative.ca\/International\/reunion-sur-la-rehabilitation-des-commerces-endommages-et-la-reprise-des-activites\/","title":{"rendered":"R\u00e9union sur la r\u00e9habilitation des commerces endommag\u00e9s et la reprise des activit\u00e9s"},"content":{"rendered":"<div>\n<p class=\"has-text-align-center has-vivid-cyan-blue-color has-text-color\"><strong>Incendie dans le complexe commercial de Nador<\/strong><\/p>\n<p class=\"has-black-color has-text-color\"><strong>La r\u00e9habilitation le plus t\u00f4t possible de la partie endommag\u00e9e du complexe commercial municipal de la ville de Nador, suite \u00e0 l\u2019incendie qui s\u2019est d\u00e9clar\u00e9 dimanche dans le complexe, afin de garantir la reprise par les commer\u00e7ants de leurs activit\u00e9s, a \u00e9t\u00e9 au centre d\u2019une r\u00e9union lundi.<\/strong><\/p>\n<p class=\"has-black-color has-text-color\">Cette r\u00e9union a \u00e9t\u00e9 pr\u00e9sid\u00e9e par le gouverneur de la province, M. Ali Khalil, en pr\u00e9sence notamment du pr\u00e9sident de la Chambre de commerce, de l\u2019industrie et des services de l\u2019Oriental, ainsi que des victimes de l\u2019incendie et des repr\u00e9sentants des autorit\u00e9s locales, du complexe commercial, du conseil municipal et des services ext\u00e9rieurs.<\/p>\n<p class=\"has-black-color has-text-color\">A cette occasion, le pr\u00e9sident de la Chambre de commerce, de l\u2019industrie et des services de l\u2019Oriental, Abdelhafid Jaroudi, a indiqu\u00e9 qu\u2019une commission technique compos\u00e9e d\u2019experts et nombres d\u2019intervenants, s\u2019est rendue sur place pour la r\u00e9alisation d\u2019une \u00e9tude sur les d\u00e9g\u00e2ts provoqu\u00e9s par l\u2019incendie, faisant savoir que dans le cadre de la solidarit\u00e9 entre les commer\u00e7ants, il sera propos\u00e9 la mise en place d\u2019un fonds de solidarit\u00e9 avec l\u2019implication de tous les acteurs, conform\u00e9ment aux dispositions de la loi, en vue de faire face aux r\u00e9percussions de cette catastrophe.<\/p>\n<p class=\"has-black-color has-text-color\">Il a \u00e9galement fait savoir qu\u2019une cellule de crise et de suivi a \u00e9t\u00e9 mise en place au sein de la Chambre, qui oeuvre en coop\u00e9ration directe avec la province de Nador ainsi que l\u2019ensemble des intervenants, en vue de constater la situation et de recevoir et d\u2019\u00e9couter les plaintes des victimes.<\/p>\n<p class=\"has-black-color has-text-color\">Dans une d\u00e9claration \u00e0 la MAP, M. Jaroudi a salu\u00e9 les efforts d\u00e9ploy\u00e9s par la Protection civile, la province de la pr\u00e9fecture, les autorit\u00e9s locales, les \u00e9l\u00e9ments de S\u00fbret\u00e9, les Forces auxiliaires et le Croissant rouge, qui ont r\u00e9ussi \u00e0 circonscrire l\u2019incendie dans un laps de temps.<\/p>\n<p class=\"has-black-color has-text-color\">Pour sa part, le pr\u00e9sident de l\u2019association \u00ab\u00a0Assafaa\u00a0\u00bb des commer\u00e7ants du complexe commercial municipal, Mimoune Lamrani, a affirm\u00e9 que lors de cette r\u00e9union, l\u2019accent a \u00e9t\u00e9 mis sur la r\u00e9habilitation dans les plus brefs d\u00e9lais de la partie endommag\u00e9e du complexe et la reprise normale d\u2019activit\u00e9 par les commer\u00e7ants qui n\u2019ont pas \u00e9t\u00e9 touch\u00e9s.<\/p>\n<p class=\"has-black-color has-text-color\">Il s\u2019est f\u00e9licit\u00e9, de son c\u00f4t\u00e9, des efforts consentis par les autorit\u00e9s locales et s\u00e9curitaires pour vite inscrire l\u2019incendie et emp\u00eacher que les flammes atteignent des centaines d\u2019autres locaux commerciaux.<\/p>\n<p class=\"has-black-color has-text-color\">Pour sa part, Abdelhafid Aya, l\u2019une des victimes de l\u2019incendie, a qualifi\u00e9 de \u00ab\u00a0positive\u00a0\u00bb cette r\u00e9union, mettant \u00e0 son tour l\u2019accent sur la n\u00e9cessit\u00e9 de la r\u00e9habilitation dans les plus brefs d\u00e9lais de la partie endommag\u00e9 du complexe afin de garantir le retour normal des commer\u00e7ants \u00e0 leurs activit\u00e9s.<\/p>\n<p class=\"has-black-color has-text-color\">Un incendie s\u2019est d\u00e9clar\u00e9 dimanche au complexe commercial municipal de Nador vers 21h00 sans faire de victimes. Les autorit\u00e9s locales et les services s\u00e9curitaire et de la Protection civile, qui ont mobilis\u00e9 tous les moyens, ont r\u00e9ussi \u00e0 ma\u00eetriser les flammes vers 23h00.<\/p>\n<p class=\"has-black-color has-text-color\">Une enqu\u00eate a \u00e9t\u00e9 ouverte pour d\u00e9terminer les causes de l\u2019incendie, qui a endommag\u00e9 22 locaux commerciaux parmi les 554 que compte le complexe.<\/p>\n<p>L\u2019article <a rel=\"nofollow\" href=\"http:\/\/albayane.press.ma\/reunion-sur-la-rehabilitation-des-commerces-endommages-et-la-reprise-des-activites.html\">R\u00e9union sur la r\u00e9habilitation des commerces endommag\u00e9s et la reprise des activit\u00e9s<\/a> est apparu en premier sur <a rel=\"nofollow\" href=\"http:\/\/albayane.press.ma\/\">ALBAYANE<\/a>.<\/p>\n<\/div>\n<p>Auteur: M&rsquo;hammed rahal<br \/>\n<a href=\"http:\/\/albayane.press.ma\/reunion-sur-la-rehabilitation-des-commerces-endommages-et-la-reprise-des-activites.html\">Cliquez ici pour lire l&rsquo;article depuis sa source.<\/a><\/p>\n","protected":false},"excerpt":{"rendered":"<p>Incendie dans le complexe commercial de Nador La r\u00e9habilitation le plus t\u00f4t possible de la partie endommag\u00e9e du complexe commercial municipal de la ville de Nador, suite \u00e0 l\u2019incendie qui s\u2019est d\u00e9clar\u00e9 dimanche dans le complexe, afin de garantir la reprise par les commer\u00e7ants de leurs activit\u00e9s, a \u00e9t\u00e9 au centre d\u2019une r\u00e9union lundi. Cette [&hellip;]<\/p>\n","protected":false},"author":1760,"featured_media":0,"comment_status":"closed","ping_status":"closed","sticky":false,"template":"","format":"standard","meta":{"fifu_image_url":"","fifu_image_alt":"","footnotes":""},"categories":[73,54],"tags":[],"class_list":["post-137163","post","type-post","status-publish","format-standard","hentry","category-actualite","category-maroc"],"_links":{"self":[{"href":"https:\/\/linitiative.ca\/International\/wp-json\/wp\/v2\/posts\/137163","targetHints":{"allow":["GET"]}}],"collection":[{"href":"https:\/\/linitiative.ca\/International\/wp-json\/wp\/v2\/posts"}],"about":[{"href":"https:\/\/linitiative.ca\/International\/wp-json\/wp\/v2\/types\/post"}],"author":[{"embeddable":true,"href":"https:\/\/linitiative.ca\/International\/wp-json\/wp\/v2\/users\/1760"}],"replies":[{"embeddable":true,"href":"https:\/\/linitiative.ca\/International\/wp-json\/wp\/v2\/comments?post=137163"}],"version-history":[{"count":0,"href":"https:\/\/linitiative.ca\/International\/wp-json\/wp\/v2\/posts\/137163\/revisions"}],"wp:attachment":[{"href":"https:\/\/linitiative.ca\/International\/wp-json\/wp\/v2\/media?parent=137163"}],"wp:term":[{"taxonomy":"category","embeddable":true,"href":"https:\/\/linitiative.ca\/International\/wp-json\/wp\/v2\/categories?post=137163"},{"taxonomy":"post_tag","embeddable":true,"href":"https:\/\/linitiative.ca\/International\/wp-json\/wp\/v2\/tags?post=137163"}],"curies":[{"name":"wp","href":"https:\/\/api.w.org\/{rel}","templated":true}]}}