{"id":13726,"date":"2019-02-13T05:16:57","date_gmt":"2019-02-13T10:16:57","guid":{"rendered":"https:\/\/linitiative.ca\/International\/ouargla-deux-centrales-solaires-avant-la-fin-de-2019-a-hassi-messaoud\/"},"modified":"2019-02-13T05:16:57","modified_gmt":"2019-02-13T10:16:57","slug":"ouargla-deux-centrales-solaires-avant-la-fin-de-2019-a-hassi-messaoud","status":"publish","type":"post","link":"https:\/\/linitiative.ca\/International\/ouargla-deux-centrales-solaires-avant-la-fin-de-2019-a-hassi-messaoud\/","title":{"rendered":"Ouargla: deux centrales solaires avant la fin de 2019 \u00e0 Hassi-Messaoud"},"content":{"rendered":"<div>\n<div class=\"K2FeedImage\"><img decoding=\"async\" src=\"http:\/\/www.aps.dz\/media\/k2\/items\/cache\/73ef47058ab3cfb72374bce3e2f380a7_S.jpg\" alt=\"Ouargla: deux centrales solaires avant la fin de 2019 \u00e0 Hassi-Messaoud\"><\/div>\n<div class=\"K2FeedIntroText\">\n<p>OUARGLA- Deux projets de centrales de production \u00e9lectrique par l\u2019\u00e9nergie solaire seront lanc\u00e9s avant la fin de 2019 dans la r\u00e9gion de Hassi-Messaoud, a-t-on appris mercredi des responsables de la direction de l\u2019\u00e9nergie (DE) de la wilaya d\u2019Ouargla.<\/p>\n<\/div>\n<div class=\"K2FeedFullText\">\n<blockquote>\n<p><em><strong>D\u2019une capacit\u00e9 de production \u00e9lectrique de 20 m\u00e9gawatts, ces deux projets, retenus sur une surface de 40 ha au niveau des zones de Belhirane et Nezla, sur la route de Gassi-Touil, feront l\u2019objet d\u2019appels d\u2019adjudication nationale avant la fin du mois de f\u00e9vrier en cours par le comit\u00e9 de r\u00e9gulation de l\u2019\u00e9lectricit\u00e9 et du gaz au minist\u00e8re de l\u2019\u00e9nergie pour le choix de l\u2019entreprise de r\u00e9alisation, a indiqu\u00e9 le\u00a0 directeur par int\u00e9rim du secteur, Nabil Mammeri.<\/strong><\/em><\/p>\n<\/blockquote>\n<p>Ces deux projets de d\u00e9veloppement \u00e9nerg\u00e9tique s\u2019ins\u00e8rent dans le cadre du programme national de d\u00e9veloppement des \u00e9nergies renouvelables visant \u00e0 accroitre la production \u00e9lectrique, \u00e0 l\u2019horizon 2030, \u00e0 un total de 22.000 m\u00e9gawatts \u00e0 partir des \u00e9nergies renouvelables, a-t-il pr\u00e9cis\u00e9.<\/p>\n<blockquote>\n<p><em><strong>Le m\u00eame responsable a fait part, dans le cadre de cette approche, de l\u2019ouverture \u00e0 l\u2019investissement priv\u00e9 dans le d\u00e9veloppement des \u00e9nergies renouvelables pour contribuer \u00e0 l\u2019autosuffisance \u00e9lectrique, surtout avec la hausse du nombre d\u2019entreprises industrielles dans la r\u00e9gion, et aussi pour g\u00e9n\u00e9rer de nouveaux emplois.<\/strong><\/em><\/p>\n<\/blockquote>\n<p>Ces nouvelles installations permettront la production de 150 m\u00e9gawatts d\u2019\u00e9lectricit\u00e9 \u00e0 partir du solaire, dont 50 m\u00e9gawatts dans les wilayas du Sud du pays (Ouargla, Gharda\u00efa, El-Oued et Biskra).<\/p>\n<\/div>\n<\/div>\n<p>Auteur:<br \/>\n<a href=\"http:\/\/www.aps.dz\/regions\/85479-ouargla-deux-centrales-solaires-a-lancer-avant-la-fin-de-2019-a-hassi-messaoud\">Cliquez ici pour lire l&rsquo;article depuis sa source.<\/a><\/p>\n","protected":false},"excerpt":{"rendered":"<p>OUARGLA- Deux projets de centrales de production \u00e9lectrique par l\u2019\u00e9nergie solaire seront lanc\u00e9s avant la fin de 2019 dans la r\u00e9gion de Hassi-Messaoud, a-t-on appris mercredi des responsables de la direction de l\u2019\u00e9nergie (DE) de la wilaya d\u2019Ouargla. D\u2019une capacit\u00e9 de production \u00e9lectrique de 20 m\u00e9gawatts, ces deux projets, retenus sur une surface de 40 [&hellip;]<\/p>\n","protected":false},"author":1790,"featured_media":13735,"comment_status":"closed","ping_status":"closed","sticky":false,"template":"","format":"standard","meta":{"fifu_image_url":"","fifu_image_alt":"","footnotes":""},"categories":[53,76],"tags":[],"class_list":["post-13726","post","type-post","status-publish","format-standard","has-post-thumbnail","hentry","category-algerie","category-regions"],"_links":{"self":[{"href":"https:\/\/linitiative.ca\/International\/wp-json\/wp\/v2\/posts\/13726","targetHints":{"allow":["GET"]}}],"collection":[{"href":"https:\/\/linitiative.ca\/International\/wp-json\/wp\/v2\/posts"}],"about":[{"href":"https:\/\/linitiative.ca\/International\/wp-json\/wp\/v2\/types\/post"}],"author":[{"embeddable":true,"href":"https:\/\/linitiative.ca\/International\/wp-json\/wp\/v2\/users\/1790"}],"replies":[{"embeddable":true,"href":"https:\/\/linitiative.ca\/International\/wp-json\/wp\/v2\/comments?post=13726"}],"version-history":[{"count":0,"href":"https:\/\/linitiative.ca\/International\/wp-json\/wp\/v2\/posts\/13726\/revisions"}],"wp:featuredmedia":[{"embeddable":true,"href":"https:\/\/linitiative.ca\/International\/wp-json\/"}],"wp:attachment":[{"href":"https:\/\/linitiative.ca\/International\/wp-json\/wp\/v2\/media?parent=13726"}],"wp:term":[{"taxonomy":"category","embeddable":true,"href":"https:\/\/linitiative.ca\/International\/wp-json\/wp\/v2\/categories?post=13726"},{"taxonomy":"post_tag","embeddable":true,"href":"https:\/\/linitiative.ca\/International\/wp-json\/wp\/v2\/tags?post=13726"}],"curies":[{"name":"wp","href":"https:\/\/api.w.org\/{rel}","templated":true}]}}