{"id":13739,"date":"2019-02-13T06:49:55","date_gmt":"2019-02-13T11:49:55","guid":{"rendered":"https:\/\/linitiative.ca\/International\/85492-saut-d-obstacles-un-concours-national-des-jeudi-a-bordj-el-bahri\/"},"modified":"2019-02-13T06:49:55","modified_gmt":"2019-02-13T11:49:55","slug":"85492-saut-d-obstacles-un-concours-national-des-jeudi-a-bordj-el-bahri","status":"publish","type":"post","link":"https:\/\/linitiative.ca\/International\/85492-saut-d-obstacles-un-concours-national-des-jeudi-a-bordj-el-bahri\/","title":{"rendered":"<div>Saut d&rsquo;obstacles : un concours national d\u00e8s jeudi \u00e0 Bordj El Bahri<\/div>"},"content":{"rendered":"<div>\n<div class=\"K2FeedIntroText\">\n<p>ALGER &#8211; La f\u00e9d\u00e9ration \u00e9questre alg\u00e9rienne (FEA) organise le concours national du saut d&rsquo;obstacle (cadets-juniors et s\u00e9niors), du 14 au 16 f\u00e9vrier au centre \u00e9questre de la Sonatrach \u00e0 Bordj El Bahri (Alger), a-t-on appris, mercredi aupr\u00e8s de l&rsquo;instance f\u00e9d\u00e9rale.<\/p>\n<\/div>\n<div class=\"K2FeedFullText\">\n<p>Organis\u00e9e en collaboration avec la direction des \u0152uvres sociales de la Sonatrach, la manifestation pr\u00e9voit douze \u00e9preuves durant les trois jours de comp\u00e9tition. La premi\u00e8re journ\u00e9e, r\u00e9serv\u00e9e aux cycles jeunes chevaux, \u00e2g\u00e9s de 4 \u00e0 6 ans, pr\u00e9voit trois \u00e9preuves sur des obstacles de 1 \u00e0 1,20 m\u00e8tre, alors que le seconde journ\u00e9e se jouera sur des obstacles de 1m, 1m10, 1m15 (raking juniors) et 1m20.<\/p>\n<p>La derni\u00e8re journ\u00e9e comprendra quatre \u00e9preuves, trois sur des obstacles de 1, 1,05m (ranking cadets) et 1m,10. Ce rendez-vous \u00e9questre sera cl\u00f4tur\u00e9 samedi avec le d\u00e9roulement du grand Prix juniors et seniors sur des obstacles de 1,20m. Le vainqueur du prix sera celui qui totalisera le moins de p\u00e9nalit\u00e9s et de temps dans l\u2019ensemble des parcours.<\/p>\n<\/div>\n<p><img loading=\"lazy\" decoding=\"async\" src=\"http:\/\/feeds.feedburner.com\/~r\/aps-sport\/~4\/02xUKTJk6o0\" height=\"1\" width=\"1\" alt=\"\"><\/div>\n<p>Auteur:<br \/>\n<a href=\"http:\/\/www.aps.dz\/sport\/85492-saut-d-obstacles-un-concours-national-des-jeudi-a-bordj-el-bahri?utm_source=feedburner&#038;utm_medium=feed&#038;utm_campaign=Feed%3A+aps-sport+%28APS+-+SPORT%29\">Cliquez ici pour lire l&rsquo;article depuis sa source.<\/a><\/p>\n","protected":false},"excerpt":{"rendered":"<p>ALGER &#8211; La f\u00e9d\u00e9ration \u00e9questre alg\u00e9rienne (FEA) organise le concours national du saut d&rsquo;obstacle (cadets-juniors et s\u00e9niors), du 14 au 16 f\u00e9vrier au centre \u00e9questre de la Sonatrach \u00e0 Bordj El Bahri (Alger), a-t-on appris, mercredi aupr\u00e8s de l&rsquo;instance f\u00e9d\u00e9rale. Organis\u00e9e en collaboration avec la direction des \u0152uvres sociales de la Sonatrach, la manifestation pr\u00e9voit [&hellip;]<\/p>\n","protected":false},"author":1790,"featured_media":0,"comment_status":"closed","ping_status":"closed","sticky":false,"template":"","format":"standard","meta":{"fifu_image_url":"","fifu_image_alt":"","footnotes":""},"categories":[53,75],"tags":[],"class_list":["post-13739","post","type-post","status-publish","format-standard","hentry","category-algerie","category-sport"],"_links":{"self":[{"href":"https:\/\/linitiative.ca\/International\/wp-json\/wp\/v2\/posts\/13739","targetHints":{"allow":["GET"]}}],"collection":[{"href":"https:\/\/linitiative.ca\/International\/wp-json\/wp\/v2\/posts"}],"about":[{"href":"https:\/\/linitiative.ca\/International\/wp-json\/wp\/v2\/types\/post"}],"author":[{"embeddable":true,"href":"https:\/\/linitiative.ca\/International\/wp-json\/wp\/v2\/users\/1790"}],"replies":[{"embeddable":true,"href":"https:\/\/linitiative.ca\/International\/wp-json\/wp\/v2\/comments?post=13739"}],"version-history":[{"count":0,"href":"https:\/\/linitiative.ca\/International\/wp-json\/wp\/v2\/posts\/13739\/revisions"}],"wp:attachment":[{"href":"https:\/\/linitiative.ca\/International\/wp-json\/wp\/v2\/media?parent=13739"}],"wp:term":[{"taxonomy":"category","embeddable":true,"href":"https:\/\/linitiative.ca\/International\/wp-json\/wp\/v2\/categories?post=13739"},{"taxonomy":"post_tag","embeddable":true,"href":"https:\/\/linitiative.ca\/International\/wp-json\/wp\/v2\/tags?post=13739"}],"curies":[{"name":"wp","href":"https:\/\/api.w.org\/{rel}","templated":true}]}}