{"id":13743,"date":"2019-02-13T07:18:50","date_gmt":"2019-02-13T12:18:50","guid":{"rendered":"https:\/\/linitiative.ca\/International\/sidi-bel-abbes-monoxyde-de-carbone-un-mort-et-deux-personnes-secourues\/"},"modified":"2019-02-13T07:18:50","modified_gmt":"2019-02-13T12:18:50","slug":"sidi-bel-abbes-monoxyde-de-carbone-un-mort-et-deux-personnes-secourues","status":"publish","type":"post","link":"https:\/\/linitiative.ca\/International\/sidi-bel-abbes-monoxyde-de-carbone-un-mort-et-deux-personnes-secourues\/","title":{"rendered":"Sidi Bel Abb\u00e8s-monoxyde de carbone: un mort et deux personnes secourues"},"content":{"rendered":"<div>\n<div class=\"K2FeedImage\"><img decoding=\"async\" src=\"http:\/\/www.aps.dz\/media\/k2\/items\/cache\/80d359a03b3ba3a99331de1092bc015c_S.jpg\" alt=\"Sidi Bel Abb\u00e8s-monoxyde de carbone: un mort et deux personnes secourues\"><\/div>\n<div class=\"K2FeedIntroText\">\n<p>SIDI BEL-ABBES- Une personne est morte et deux autres ont \u00e9t\u00e9 secourues mercredi dans la commune de Telagh (Sidi Bel Abb\u00e8s) suite \u00e0 une asphyxie au gaz du monoxyde de carbone \u00e9manant d&rsquo;un chauffage d&rsquo;un domicile, a-t-on appris aupr\u00e8s de la direction de wilaya de la Protection civile.<\/p>\n<\/div>\n<div class=\"K2FeedFullText\">\n<blockquote>\n<p><em><strong>Les agents de la Protection civile ont secouru une m\u00e8re (67 ans) et son fils (29 ans) et leur ont prodigu\u00e9 les premiers soins avant de les transf\u00e9rer vers l\u2019h\u00f4pital de Telagh. Le p\u00e8re, \u00e2g\u00e9 de 75 ans, a rendu l\u2019\u00e2me \u00e0 l\u2019h\u00f4pital, a-t-on indiqu\u00e9.<\/strong><\/em><\/p>\n<\/blockquote>\n<p>Depuis le d\u00e9but de l\u2019ann\u00e9e en cours, six interventions dans des accidents du gaz du monoxyde de carbone ont \u00e9t\u00e9 enregistr\u00e9es permettant de secourir 16 personnes, a-t-on fait savoir, signalant que les campagnes de sensibilisation et de pr\u00e9vention contre les risques d\u2019asphyxie au gaz se poursuivent en collaboration avec tous les partenaires concern\u00e9s.<\/p>\n<p>\u00a0<\/p>\n<\/div>\n<\/div>\n<p>Auteur:<br \/>\n<a href=\"http:\/\/www.aps.dz\/regions\/85496-sidi-bel-abbes-monoxyde-de-carbone-un-mort-et-deux-personnes-secourues\">Cliquez ici pour lire l&rsquo;article depuis sa source.<\/a><\/p>\n","protected":false},"excerpt":{"rendered":"<p>SIDI BEL-ABBES- Une personne est morte et deux autres ont \u00e9t\u00e9 secourues mercredi dans la commune de Telagh (Sidi Bel Abb\u00e8s) suite \u00e0 une asphyxie au gaz du monoxyde de carbone \u00e9manant d&rsquo;un chauffage d&rsquo;un domicile, a-t-on appris aupr\u00e8s de la direction de wilaya de la Protection civile. Les agents de la Protection civile ont [&hellip;]<\/p>\n","protected":false},"author":1790,"featured_media":13745,"comment_status":"closed","ping_status":"closed","sticky":false,"template":"","format":"standard","meta":{"fifu_image_url":"","fifu_image_alt":"","footnotes":""},"categories":[53,76],"tags":[],"class_list":["post-13743","post","type-post","status-publish","format-standard","has-post-thumbnail","hentry","category-algerie","category-regions"],"_links":{"self":[{"href":"https:\/\/linitiative.ca\/International\/wp-json\/wp\/v2\/posts\/13743","targetHints":{"allow":["GET"]}}],"collection":[{"href":"https:\/\/linitiative.ca\/International\/wp-json\/wp\/v2\/posts"}],"about":[{"href":"https:\/\/linitiative.ca\/International\/wp-json\/wp\/v2\/types\/post"}],"author":[{"embeddable":true,"href":"https:\/\/linitiative.ca\/International\/wp-json\/wp\/v2\/users\/1790"}],"replies":[{"embeddable":true,"href":"https:\/\/linitiative.ca\/International\/wp-json\/wp\/v2\/comments?post=13743"}],"version-history":[{"count":0,"href":"https:\/\/linitiative.ca\/International\/wp-json\/wp\/v2\/posts\/13743\/revisions"}],"wp:featuredmedia":[{"embeddable":true,"href":"https:\/\/linitiative.ca\/International\/wp-json\/"}],"wp:attachment":[{"href":"https:\/\/linitiative.ca\/International\/wp-json\/wp\/v2\/media?parent=13743"}],"wp:term":[{"taxonomy":"category","embeddable":true,"href":"https:\/\/linitiative.ca\/International\/wp-json\/wp\/v2\/categories?post=13743"},{"taxonomy":"post_tag","embeddable":true,"href":"https:\/\/linitiative.ca\/International\/wp-json\/wp\/v2\/tags?post=13743"}],"curies":[{"name":"wp","href":"https:\/\/api.w.org\/{rel}","templated":true}]}}