{"id":137449,"date":"2022-01-01T07:55:52","date_gmt":"2022-01-01T12:55:52","guid":{"rendered":"https:\/\/linitiative.ca\/International\/retrospective-2021-agriculture-al-jayl-al-akhdar-renforce-son-ancrage\/"},"modified":"2022-01-01T07:55:52","modified_gmt":"2022-01-01T12:55:52","slug":"retrospective-2021-agriculture-al-jayl-al-akhdar-renforce-son-ancrage","status":"publish","type":"post","link":"https:\/\/linitiative.ca\/International\/retrospective-2021-agriculture-al-jayl-al-akhdar-renforce-son-ancrage\/","title":{"rendered":"R\u00e9trospective 2021 \/ Agriculture : Al Jayl Al Akhdar renforce son ancrage"},"content":{"rendered":"<div>\n<p><img loading=\"lazy\" decoding=\"async\" width=\"300\" height=\"153\" src=\"https:\/\/linitiative.ca\/International\/wp-content\/uploads\/sites\/23\/2022\/01\/agriculture-300x153-1.jpg\" class=\"attachment-medium size-medium wp-post-image\" alt=\"\" srcset=\"https:\/\/linitiative.ca\/International\/wp-content\/uploads\/sites\/23\/2022\/01\/agriculture-300x153-1.jpg 300w, https:\/\/aujourdhui.ma\/wp-content\/uploads\/2021\/10\/agriculture-274x140.jpg 274w, https:\/\/aujourdhui.ma\/wp-content\/uploads\/2021\/10\/agriculture.jpg 746w, https:\/\/aujourdhui.ma\/wp-content\/uploads\/2021\/10\/agriculture-165x84.jpg 165w, https:\/\/aujourdhui.ma\/wp-content\/uploads\/2021\/10\/agriculture-702x358.jpg 702w\" sizes=\"auto, (max-width: 300px) 100vw, 300px\"><\/p>\n<p><span style=\"color: #800000; font-size: 20px;\"><strong>Fruit d\u2019une approche participative, la nouvelle strat\u00e9gie refl\u00e8te la vision de toutes les parties prenantes du secteur et leur ambition de capitaliser sur les acquis du Plan Maroc Vert ayant stimul\u00e9 les investissements agro-industriels priv\u00e9s et les mod\u00e8les d\u2019agr\u00e9gation agricole.<\/strong><\/span><span id=\"more-396477\"><\/span><\/p>\n<p>Le secteur agricole a connu en 2021 un regain de dynamisme. En d\u00e9pit des conditions climatiques favorables, le secteur a poursuivi sa transformation structurelle. L\u2019ann\u00e9e a \u00e9t\u00e9 marqu\u00e9e par le d\u00e9ploiement des diff\u00e9rents chantiers de la nouvelle strat\u00e9gie agricole \u00abAl Jayl Al Akhdar\u00bb dont le lancement a co\u00efncid\u00e9 avec le d\u00e9clenchement de la crise sanitaire. En d\u00e9pit du contexte d\u00e9licat, l\u2019agriculture marocaine a franchi un nouveau palier dans son d\u00e9veloppement. De grandes orientations d\u2019une transformation inclusive du monde rural ont \u00e9t\u00e9 d\u00e9termin\u00e9es dans le cadre de cette nouvelle feuille de route.<br \/>\nOutre l\u2019ancrage de l\u2019agriculture nationale en tant que maillon fort de la cha\u00eene \u00e9conomique, la nouvelle strat\u00e9gie du secteur vise \u00e0 faire du monde rural un territoire dynamique sur le plan social.<br \/>\nFruit d\u2019une approche participative, la nouvelle strat\u00e9gie refl\u00e8te la vision de toutes les parties prenantes du secteur et leur ambition de capitaliser sur les acquis du Plan Maroc Vert ayant stimul\u00e9 les investissements agro-industriels priv\u00e9s et les mod\u00e8les d\u2019agr\u00e9gation agricole. Parmi les chantiers prioritaires ayant \u00e9t\u00e9 ouverts dans le secteur courant 2021 on cite celui relatif \u00e0 l\u2019agr\u00e9gation agricole \u00abnouvelle g\u00e9n\u00e9ration\u00bb. Plus de 200 projets ont \u00e9t\u00e9 identifi\u00e9s dans diff\u00e9rentes r\u00e9gions du Royaume. Cette nouvelle g\u00e9n\u00e9ration de projets d\u2019agr\u00e9gation s\u2019inscrit dans les deux fondements d\u2019Al Jayl Al Akhdar. Le premier pilier donne en effet la priorit\u00e9 \u00e0 l\u2019\u00e9l\u00e9ment humain et \u00e0 son d\u00e9veloppement, notamment \u00e0 travers l\u2019\u00e9mergence et l\u2019extension d\u2019une classe moyenne agricole.<\/p>\n<p>A cet effet, le nouveau dispositif d\u2019agr\u00e9gation promeut l\u2019essaimage de nouveaux mod\u00e8les d\u2019organisation, de coop\u00e9ratives agricoles et de groupement, combinant offre de valeur \u00e9conomique et sociale. Le deuxi\u00e8me fondement de la strat\u00e9gie concerne la p\u00e9rennisation du d\u00e9veloppement agricole et la consolidation d\u2019une agriculture r\u00e9siliente et \u00e9co-efficiente. Un mod\u00e8le qui ambitionne de propulser vers l\u2019avant des projets d\u2019agr\u00e9gation innovants autour des cha\u00eenes de valeur, permettant d\u2019\u00e9tendre l\u2019encadrement, l\u2019acc\u00e8s \u00e0 la technologie, \u00e0 la valorisation et aux circuits de commercialisation, notamment pour les petits agriculteurs.<br \/>\nLa tutelle dans le cadre de cette nouvelle vision place l\u2019agr\u00e9gation agricole au c\u0153ur des mesures prises pour d\u00e9velopper et moderniser l\u2019agriculture marocaine. Cette approche permet en effet d\u2019organiser les petits producteurs pour un meilleur encadrement et de leur faciliter l\u2019acc\u00e8s au march\u00e9 et \u00e0 la valorisation de leur production. Ces projets d\u2019agr\u00e9gation agricole de nouvelle g\u00e9n\u00e9ration joueront le r\u00f4le de p\u00f4les r\u00e9gionaux et nationaux de transmission des nouvelles technologies, notamment aux petits et moyens agriculteurs. Pour promouvoir cette nouvelle orientation, un roadshow national a \u00e9t\u00e9 lanc\u00e9.<br \/>\nL\u2019id\u00e9e \u00e9tant de s\u2019arr\u00eater sur les acquis de l\u2019agr\u00e9gation agricole et de pr\u00e9senter son renforcement par le nouveau dispositif r\u00e9glementaire avec la mise en \u0153uvre de deux nouveaux arr\u00eat\u00e9s d\u2019application de la loi 04-12 portant sur l\u2019agr\u00e9gation agricole et qui renforcent le partenariat entre les agr\u00e9gateurs et les agr\u00e9g\u00e9s. Un dispositif qui apporte une importante simplification et un assouplissement des proc\u00e9dures ainsi qu\u2019une r\u00e9vision des crit\u00e8res et des normes d\u2019\u00e9ligibilit\u00e9, l\u2019int\u00e9gration de nouveaux mod\u00e8les d\u2019agr\u00e9gation et de nouvelles fili\u00e8res de production, la mise en place d\u2019un taux pr\u00e9f\u00e9rentiel pour les incitations octroy\u00e9es au mat\u00e9riel d\u2019\u00e9levage ainsi que pour l\u2019am\u00e9nagement hydro-agricole et le mat\u00e9riel d\u2019\u00e9quipement agricole.<\/p>\n<p>L\u2019agriculture marocaine a par ailleurs inaugur\u00e9 en 2021 l\u2019\u00e8re de la data. Les membres du gouvernement ont examin\u00e9 en d\u00e9cembre un projet de loi portant cr\u00e9ation du Registre national agricole.<br \/>\nCe registre servira de base de donn\u00e9es pour les agriculteurs et l\u2019agriculture marocaine pr\u00e9sentant ainsi d\u2019innombrables avantages. Le registre permettra aussi de ma\u00eetriser les indicateurs nationaux en mati\u00e8re de production des exploitations agricoles ainsi que l\u2019impact de ces rendements sur l\u2019\u00e9conomie agricole. Il facilitera par ailleurs l\u2019acc\u00e8s des agriculteurs et de leurs familles \u00e0 la protection sociale comme il donnera une id\u00e9e plus proche du terrain concernant les donn\u00e9es sur cette cat\u00e9gorie ainsi que le niveau de vie et revenu. Le but \u00e9tant de fixer les tranches de cotisations des agriculteurs pour adh\u00e9rer au syst\u00e8me national de la couverture sociale.<br \/>\nRappelons que la strat\u00e9gie \u00abAl Jayl Al Akhdar\u00bb est venue r\u00e9pondre \u00e0 trois dimensions strat\u00e9giques. La premi\u00e8re est d\u2019ordre r\u00e9gionale.<br \/>\nL\u2019id\u00e9e \u00e9tant de d\u00e9velopper une offre r\u00e9gionale durable \u00e0 travers l\u2019\u00e9laboration des plans agricoles r\u00e9gionaux de nouvelle g\u00e9n\u00e9ration qui prennent en compte les potentialit\u00e9s et les sp\u00e9cificit\u00e9s de chaque r\u00e9gion.<br \/>\nLa deuxi\u00e8me dimension incarn\u00e9e par cette strat\u00e9gie cible les fili\u00e8res \u00e0 travers la poursuite des programmes contractuels entre l\u2019Etat et les professionnels par l\u2019adoption de contrats programmes de nouvelle g\u00e9n\u00e9ration au niveau de l\u2019approche, du contenu, du cadre de gouvernance et des m\u00e9canismes de suivi.<\/p>\n<p>La derni\u00e8re dimension est relative aux chantiers transverses. Elle porte, entre autres, sur la refonte du syst\u00e8me des aides et incitations, la transformation digitale et le financement.<\/p>\n<\/div>\n<p>Auteur: ALM<br \/>\n<a href=\"https:\/\/aujourdhui.ma\/economie\/retrospective-2021-agriculture-al-jayl-al-akhdar-renforce-son-ancrage\">Cliquez ici pour lire l&rsquo;article depuis sa source.<\/a><\/p>\n","protected":false},"excerpt":{"rendered":"<p>Fruit d\u2019une approche participative, la nouvelle strat\u00e9gie refl\u00e8te la vision de toutes les parties prenantes du secteur et leur ambition de capitaliser sur les acquis du Plan Maroc Vert ayant stimul\u00e9 les investissements agro-industriels priv\u00e9s et les mod\u00e8les d\u2019agr\u00e9gation agricole. Le secteur agricole a connu en 2021 un regain de dynamisme. En d\u00e9pit des conditions [&hellip;]<\/p>\n","protected":false},"author":1759,"featured_media":0,"comment_status":"closed","ping_status":"closed","sticky":false,"template":"","format":"standard","meta":{"fifu_image_url":"https:\/\/aujourdhui.ma\/wp-content\/uploads\/2021\/10\/agriculture-300x153.jpg","fifu_image_alt":"R\u00e9trospective 2021 \/ Agriculture : Al Jayl Al Akhdar renforce son ancrage","footnotes":""},"categories":[73,54],"tags":[],"class_list":["post-137449","post","type-post","status-publish","format-standard","hentry","category-actualite","category-maroc"],"_links":{"self":[{"href":"https:\/\/linitiative.ca\/International\/wp-json\/wp\/v2\/posts\/137449","targetHints":{"allow":["GET"]}}],"collection":[{"href":"https:\/\/linitiative.ca\/International\/wp-json\/wp\/v2\/posts"}],"about":[{"href":"https:\/\/linitiative.ca\/International\/wp-json\/wp\/v2\/types\/post"}],"author":[{"embeddable":true,"href":"https:\/\/linitiative.ca\/International\/wp-json\/wp\/v2\/users\/1759"}],"replies":[{"embeddable":true,"href":"https:\/\/linitiative.ca\/International\/wp-json\/wp\/v2\/comments?post=137449"}],"version-history":[{"count":0,"href":"https:\/\/linitiative.ca\/International\/wp-json\/wp\/v2\/posts\/137449\/revisions"}],"wp:attachment":[{"href":"https:\/\/linitiative.ca\/International\/wp-json\/wp\/v2\/media?parent=137449"}],"wp:term":[{"taxonomy":"category","embeddable":true,"href":"https:\/\/linitiative.ca\/International\/wp-json\/wp\/v2\/categories?post=137449"},{"taxonomy":"post_tag","embeddable":true,"href":"https:\/\/linitiative.ca\/International\/wp-json\/wp\/v2\/tags?post=137449"}],"curies":[{"name":"wp","href":"https:\/\/api.w.org\/{rel}","templated":true}]}}