{"id":137451,"date":"2022-01-01T09:18:39","date_gmt":"2022-01-01T14:18:39","guid":{"rendered":"https:\/\/linitiative.ca\/International\/carte-de-conducteur-professionnel-inscriptions-prolongees-jusqua-juin\/"},"modified":"2022-01-01T09:18:39","modified_gmt":"2022-01-01T14:18:39","slug":"carte-de-conducteur-professionnel-inscriptions-prolongees-jusqua-juin","status":"publish","type":"post","link":"https:\/\/linitiative.ca\/International\/carte-de-conducteur-professionnel-inscriptions-prolongees-jusqua-juin\/","title":{"rendered":"Carte de conducteur professionnel: Inscriptions prolong\u00e9es jusqu\u2019\u00e0 juin"},"content":{"rendered":"<div>\n<p><img loading=\"lazy\" decoding=\"async\" width=\"300\" height=\"153\" src=\"https:\/\/linitiative.ca\/International\/wp-content\/uploads\/sites\/23\/2022\/01\/ConducteurPro-311220-300x153-1.jpg\" class=\"attachment-medium size-medium wp-post-image\" alt=\"\" srcset=\"https:\/\/linitiative.ca\/International\/wp-content\/uploads\/sites\/23\/2022\/01\/ConducteurPro-311220-300x153-1.jpg 300w, https:\/\/aujourdhui.ma\/wp-content\/uploads\/2022\/01\/ConducteurPro-311220-274x140.jpg 274w, https:\/\/aujourdhui.ma\/wp-content\/uploads\/2022\/01\/ConducteurPro-311220-746x380.jpg 746w, https:\/\/aujourdhui.ma\/wp-content\/uploads\/2022\/01\/ConducteurPro-311220-165x84.jpg 165w, https:\/\/aujourdhui.ma\/wp-content\/uploads\/2022\/01\/ConducteurPro-311220-702x358.jpg 702w, https:\/\/aujourdhui.ma\/wp-content\/uploads\/2022\/01\/ConducteurPro-311220.jpg 744w\" sizes=\"auto, (max-width: 300px) 100vw, 300px\"><\/p>\n<p><span style=\"color: #800000;\"><strong>Le minist\u00e8re du Transport et de la Logistique a annonc\u00e9, samedi, la prolongation jusqu\u2019au 30 juin 2022 le d\u00e9lai d\u2019inscription pour l\u2019obtention de la carte de conducteur professionnel.<\/strong><\/span><span id=\"more-396505\"><\/span><\/p>\n<p>Cette mesure a \u00e9t\u00e9 prise \u00ab\u00a0en raison du nombre important de personnes concern\u00e9es par la formation pour l\u2019obtention de la carte de chauffeur professionnel, ainsi que des conditions sanitaires li\u00e9es \u00e0 la pand\u00e9mie de coronavirus ayant affect\u00e9 le d\u00e9roulement normal de cette op\u00e9ration\u00a0\u00bb, explique le minist\u00e8re dans un communiqu\u00e9.<\/p>\n<p>En cons\u00e9quence, le minist\u00e8re invite l\u2019ensemble des chauffeurs professionnels remplissant les conditions \u00e0 s\u2019inscrire dans l\u2019un des \u00e9tablissements de formation.<\/p>\n<\/div>\n<p>Auteur: ALM<br \/>\n<a href=\"https:\/\/aujourdhui.ma\/actualite\/carte-de-conducteur-professionnel-inscriptions-prolongees-jusqua-juin\">Cliquez ici pour lire l&rsquo;article depuis sa source.<\/a><\/p>\n","protected":false},"excerpt":{"rendered":"<p>Le minist\u00e8re du Transport et de la Logistique a annonc\u00e9, samedi, la prolongation jusqu\u2019au 30 juin 2022 le d\u00e9lai d\u2019inscription pour l\u2019obtention de la carte de conducteur professionnel. Cette mesure a \u00e9t\u00e9 prise \u00ab\u00a0en raison du nombre important de personnes concern\u00e9es par la formation pour l\u2019obtention de la carte de chauffeur professionnel, ainsi que des [&hellip;]<\/p>\n","protected":false},"author":1759,"featured_media":0,"comment_status":"closed","ping_status":"closed","sticky":false,"template":"","format":"standard","meta":{"fifu_image_url":"https:\/\/aujourdhui.ma\/wp-content\/uploads\/2022\/01\/ConducteurPro-311220-300x153.jpg","fifu_image_alt":"Carte de conducteur professionnel: Inscriptions prolong\u00e9es jusqu\u2019\u00e0 juin","footnotes":""},"categories":[73,54],"tags":[],"class_list":["post-137451","post","type-post","status-publish","format-standard","hentry","category-actualite","category-maroc"],"_links":{"self":[{"href":"https:\/\/linitiative.ca\/International\/wp-json\/wp\/v2\/posts\/137451","targetHints":{"allow":["GET"]}}],"collection":[{"href":"https:\/\/linitiative.ca\/International\/wp-json\/wp\/v2\/posts"}],"about":[{"href":"https:\/\/linitiative.ca\/International\/wp-json\/wp\/v2\/types\/post"}],"author":[{"embeddable":true,"href":"https:\/\/linitiative.ca\/International\/wp-json\/wp\/v2\/users\/1759"}],"replies":[{"embeddable":true,"href":"https:\/\/linitiative.ca\/International\/wp-json\/wp\/v2\/comments?post=137451"}],"version-history":[{"count":0,"href":"https:\/\/linitiative.ca\/International\/wp-json\/wp\/v2\/posts\/137451\/revisions"}],"wp:attachment":[{"href":"https:\/\/linitiative.ca\/International\/wp-json\/wp\/v2\/media?parent=137451"}],"wp:term":[{"taxonomy":"category","embeddable":true,"href":"https:\/\/linitiative.ca\/International\/wp-json\/wp\/v2\/categories?post=137451"},{"taxonomy":"post_tag","embeddable":true,"href":"https:\/\/linitiative.ca\/International\/wp-json\/wp\/v2\/tags?post=137451"}],"curies":[{"name":"wp","href":"https:\/\/api.w.org\/{rel}","templated":true}]}}