{"id":137469,"date":"2022-01-01T09:34:30","date_gmt":"2022-01-01T14:34:30","guid":{"rendered":"https:\/\/linitiative.ca\/International\/carte-de-conducteur-professionnel-prolongation-des-inscriptions\/"},"modified":"2022-01-01T09:34:30","modified_gmt":"2022-01-01T14:34:30","slug":"carte-de-conducteur-professionnel-prolongation-des-inscriptions","status":"publish","type":"post","link":"https:\/\/linitiative.ca\/International\/carte-de-conducteur-professionnel-prolongation-des-inscriptions\/","title":{"rendered":"Carte de conducteur professionnel: prolongation des inscriptions"},"content":{"rendered":"<div>\n<div class=\"field field-name-body field-type-text-with-summary field-label-hidden\">\n<div class=\"field-items\">\n<div class=\"field-item even\" property=\"content:encoded\">\n<p class=\"rtejustify\">Le minist\u00e8re du Transport et de la Logistique a annonc\u00e9, samedi, la prolongation jusqu&rsquo;au 30 juin 2022 le d\u00e9lai d&rsquo;inscription pour l\u2019obtention de la carte de conducteur professionnel.<\/p>\n<p class=\"rtejustify\">Cette mesure a \u00e9t\u00e9 prise \u00ab\u00a0en raison du nombre important de personnes concern\u00e9es par la formation pour l\u2019obtention de la carte de chauffeur professionnel, ainsi que des conditions sanitaires li\u00e9es \u00e0 la pand\u00e9mie de coronavirus ayant affect\u00e9 le d\u00e9roulement normal de cette op\u00e9ration\u00a0\u00bb, explique le minist\u00e8re dans un communiqu\u00e9.<\/p>\n<\/div>\n<\/div>\n<\/div>\n<\/div>\n<p>Auteur: mbasraoui<br \/>\n<a href=\"https:\/\/www.leconomiste.com\/flash-infos\/carte-de-conducteur-professionnel-prolongation-des-inscriptions\">Cliquez ici pour lire l&rsquo;article depuis sa source.<\/a><\/p>\n","protected":false},"excerpt":{"rendered":"<p>Le minist\u00e8re du Transport et de la Logistique a annonc\u00e9, samedi, la prolongation jusqu&rsquo;au 30 juin 2022 le d\u00e9lai d&rsquo;inscription pour l\u2019obtention de la carte de conducteur professionnel. Cette mesure a \u00e9t\u00e9 prise \u00ab\u00a0en raison du nombre important de personnes concern\u00e9es par la formation pour l\u2019obtention de la carte de chauffeur professionnel, ainsi que des [&hellip;]<\/p>\n","protected":false},"author":1763,"featured_media":0,"comment_status":"closed","ping_status":"closed","sticky":false,"template":"","format":"standard","meta":{"fifu_image_url":"","fifu_image_alt":"","footnotes":""},"categories":[78,54],"tags":[],"class_list":["post-137469","post","type-post","status-publish","format-standard","hentry","category-economie","category-maroc"],"_links":{"self":[{"href":"https:\/\/linitiative.ca\/International\/wp-json\/wp\/v2\/posts\/137469","targetHints":{"allow":["GET"]}}],"collection":[{"href":"https:\/\/linitiative.ca\/International\/wp-json\/wp\/v2\/posts"}],"about":[{"href":"https:\/\/linitiative.ca\/International\/wp-json\/wp\/v2\/types\/post"}],"author":[{"embeddable":true,"href":"https:\/\/linitiative.ca\/International\/wp-json\/wp\/v2\/users\/1763"}],"replies":[{"embeddable":true,"href":"https:\/\/linitiative.ca\/International\/wp-json\/wp\/v2\/comments?post=137469"}],"version-history":[{"count":0,"href":"https:\/\/linitiative.ca\/International\/wp-json\/wp\/v2\/posts\/137469\/revisions"}],"wp:attachment":[{"href":"https:\/\/linitiative.ca\/International\/wp-json\/wp\/v2\/media?parent=137469"}],"wp:term":[{"taxonomy":"category","embeddable":true,"href":"https:\/\/linitiative.ca\/International\/wp-json\/wp\/v2\/categories?post=137469"},{"taxonomy":"post_tag","embeddable":true,"href":"https:\/\/linitiative.ca\/International\/wp-json\/wp\/v2\/tags?post=137469"}],"curies":[{"name":"wp","href":"https:\/\/api.w.org\/{rel}","templated":true}]}}