{"id":137470,"date":"2022-01-01T09:36:16","date_gmt":"2022-01-01T14:36:16","guid":{"rendered":"https:\/\/linitiative.ca\/International\/2021-la-bvc-renoue-avec-la-hausse\/"},"modified":"2022-01-01T09:36:16","modified_gmt":"2022-01-01T14:36:16","slug":"2021-la-bvc-renoue-avec-la-hausse","status":"publish","type":"post","link":"https:\/\/linitiative.ca\/International\/2021-la-bvc-renoue-avec-la-hausse\/","title":{"rendered":"2021: La BVC renoue avec la hausse"},"content":{"rendered":"<div>\n<div class=\"field field-name-body field-type-text-with-summary field-label-hidden\">\n<div class=\"field-items\">\n<div class=\"field-item even\" property=\"content:encoded\">\n<p>La Bourse de Casablanca a su effacer, en 2021, les pertes encourues une ann\u00e9e auparavant sur fond d&rsquo;une crise sanitaire et \u00e9conomique in\u00e9dite, son indice phare Masi grimpant de 18,35% \u00e0 13.358,32 points sur l\u2019ensemble de l\u2019ann\u00e9e \u00e9coul\u00e9e.<\/p>\n<p>Si le march\u00e9 boursier a pu tirer son \u00e9pingle du jeu, c\u2019est gr\u00e2ce \u00e0 un environnement interne et externe propice \u00e0 la reprise et au r\u00e9tablissement de la confiance des investisseurs, renfor\u00e7ant ainsi le r\u00f4le qui incombe \u00e0 la Bourse en mati\u00e8re de financement de l\u2019\u00e9conomie nationale.<\/p>\n<\/div>\n<\/div>\n<\/div>\n<\/div>\n<p>Auteur: mbasraoui<br \/>\n<a href=\"https:\/\/www.leconomiste.com\/flash-infos\/2021-la-bvc-renoue-avec-la-hausse\">Cliquez ici pour lire l&rsquo;article depuis sa source.<\/a><\/p>\n","protected":false},"excerpt":{"rendered":"<p>La Bourse de Casablanca a su effacer, en 2021, les pertes encourues une ann\u00e9e auparavant sur fond d&rsquo;une crise sanitaire et \u00e9conomique in\u00e9dite, son indice phare Masi grimpant de 18,35% \u00e0 13.358,32 points sur l\u2019ensemble de l\u2019ann\u00e9e \u00e9coul\u00e9e. Si le march\u00e9 boursier a pu tirer son \u00e9pingle du jeu, c\u2019est gr\u00e2ce \u00e0 un environnement interne [&hellip;]<\/p>\n","protected":false},"author":1763,"featured_media":0,"comment_status":"closed","ping_status":"closed","sticky":false,"template":"","format":"standard","meta":{"fifu_image_url":"","fifu_image_alt":"","footnotes":""},"categories":[78,54],"tags":[],"class_list":["post-137470","post","type-post","status-publish","format-standard","hentry","category-economie","category-maroc"],"_links":{"self":[{"href":"https:\/\/linitiative.ca\/International\/wp-json\/wp\/v2\/posts\/137470","targetHints":{"allow":["GET"]}}],"collection":[{"href":"https:\/\/linitiative.ca\/International\/wp-json\/wp\/v2\/posts"}],"about":[{"href":"https:\/\/linitiative.ca\/International\/wp-json\/wp\/v2\/types\/post"}],"author":[{"embeddable":true,"href":"https:\/\/linitiative.ca\/International\/wp-json\/wp\/v2\/users\/1763"}],"replies":[{"embeddable":true,"href":"https:\/\/linitiative.ca\/International\/wp-json\/wp\/v2\/comments?post=137470"}],"version-history":[{"count":0,"href":"https:\/\/linitiative.ca\/International\/wp-json\/wp\/v2\/posts\/137470\/revisions"}],"wp:attachment":[{"href":"https:\/\/linitiative.ca\/International\/wp-json\/wp\/v2\/media?parent=137470"}],"wp:term":[{"taxonomy":"category","embeddable":true,"href":"https:\/\/linitiative.ca\/International\/wp-json\/wp\/v2\/categories?post=137470"},{"taxonomy":"post_tag","embeddable":true,"href":"https:\/\/linitiative.ca\/International\/wp-json\/wp\/v2\/tags?post=137470"}],"curies":[{"name":"wp","href":"https:\/\/api.w.org\/{rel}","templated":true}]}}