{"id":137472,"date":"2022-01-01T10:36:49","date_gmt":"2022-01-01T15:36:49","guid":{"rendered":"https:\/\/linitiative.ca\/International\/covid-2-328-nouveaux-cas-et-2-deces-ce-samedi-01-janvier\/"},"modified":"2022-01-01T10:36:49","modified_gmt":"2022-01-01T15:36:49","slug":"covid-2-328-nouveaux-cas-et-2-deces-ce-samedi-01-janvier","status":"publish","type":"post","link":"https:\/\/linitiative.ca\/International\/covid-2-328-nouveaux-cas-et-2-deces-ce-samedi-01-janvier\/","title":{"rendered":"Covid: 2 328 nouveaux cas et 2 d\u00e9c\u00e8s ce samedi 01 janvier"},"content":{"rendered":"<div>\n<div class=\"field field-name-body field-type-text-with-summary field-label-hidden\">\n<div class=\"field-items\">\n<div class=\"field-item even\" property=\"content:encoded\">\n<p class=\"rtejustify\">Un total de 2 328\u00a0nouveaux cas d&rsquo;infection au nouveau coronavirus (Covid-19) et 815\u00a0gu\u00e9risons a \u00e9t\u00e9 enregistr\u00e9 au Maroc ces derni\u00e8res 24 heures, a indiqu\u00e9 <strong>samedi\u00a0<\/strong>le minist\u00e8re de la Sant\u00e9 et de la protection sociale.<\/p>\n<p class=\"rtejustify\">Le nombre de primo-vaccin\u00e9s a atteint 24 560 181, celui des personnes ayant re\u00e7u deux doses s&rsquo;\u00e9l\u00e8ve \u00e0 22 933 732, alors que 3 000 968\u00a0personnes ont eu trois doses.\u00a0<\/p>\n<\/div>\n<\/div>\n<\/div>\n<\/div>\n<p>Auteur: mbasraoui<br \/>\n<a href=\"https:\/\/www.leconomiste.com\/flash-infos\/covid-2-328-nouveaux-cas-et-2-deces-ce-samedi-01-janvier\">Cliquez ici pour lire l&rsquo;article depuis sa source.<\/a><\/p>\n","protected":false},"excerpt":{"rendered":"<p>Un total de 2 328\u00a0nouveaux cas d&rsquo;infection au nouveau coronavirus (Covid-19) et 815\u00a0gu\u00e9risons a \u00e9t\u00e9 enregistr\u00e9 au Maroc ces derni\u00e8res 24 heures, a indiqu\u00e9 samedi\u00a0le minist\u00e8re de la Sant\u00e9 et de la protection sociale. Le nombre de primo-vaccin\u00e9s a atteint 24 560 181, celui des personnes ayant re\u00e7u deux doses s&rsquo;\u00e9l\u00e8ve \u00e0 22 933 732, [&hellip;]<\/p>\n","protected":false},"author":1763,"featured_media":0,"comment_status":"closed","ping_status":"closed","sticky":false,"template":"","format":"standard","meta":{"fifu_image_url":"","fifu_image_alt":"","footnotes":""},"categories":[78,54],"tags":[],"class_list":["post-137472","post","type-post","status-publish","format-standard","hentry","category-economie","category-maroc"],"_links":{"self":[{"href":"https:\/\/linitiative.ca\/International\/wp-json\/wp\/v2\/posts\/137472","targetHints":{"allow":["GET"]}}],"collection":[{"href":"https:\/\/linitiative.ca\/International\/wp-json\/wp\/v2\/posts"}],"about":[{"href":"https:\/\/linitiative.ca\/International\/wp-json\/wp\/v2\/types\/post"}],"author":[{"embeddable":true,"href":"https:\/\/linitiative.ca\/International\/wp-json\/wp\/v2\/users\/1763"}],"replies":[{"embeddable":true,"href":"https:\/\/linitiative.ca\/International\/wp-json\/wp\/v2\/comments?post=137472"}],"version-history":[{"count":0,"href":"https:\/\/linitiative.ca\/International\/wp-json\/wp\/v2\/posts\/137472\/revisions"}],"wp:attachment":[{"href":"https:\/\/linitiative.ca\/International\/wp-json\/wp\/v2\/media?parent=137472"}],"wp:term":[{"taxonomy":"category","embeddable":true,"href":"https:\/\/linitiative.ca\/International\/wp-json\/wp\/v2\/categories?post=137472"},{"taxonomy":"post_tag","embeddable":true,"href":"https:\/\/linitiative.ca\/International\/wp-json\/wp\/v2\/tags?post=137472"}],"curies":[{"name":"wp","href":"https:\/\/api.w.org\/{rel}","templated":true}]}}