{"id":137478,"date":"2022-01-01T08:00:00","date_gmt":"2022-01-01T13:00:00","guid":{"rendered":"https:\/\/linitiative.ca\/International\/mohamed-derbel-loi-de-finances-2022-soyons-clements-mais-exigeants\/"},"modified":"2022-01-01T08:00:00","modified_gmt":"2022-01-01T13:00:00","slug":"mohamed-derbel-loi-de-finances-2022-soyons-clements-mais-exigeants","status":"publish","type":"post","link":"https:\/\/linitiative.ca\/International\/mohamed-derbel-loi-de-finances-2022-soyons-clements-mais-exigeants\/","title":{"rendered":"Mohamed Derbel &#8211; Loi de finances 2022 : Soyons cl\u00e9ments mais exigeants !"},"content":{"rendered":"<div><img decoding=\"async\" src=\"https:\/\/linitiative.ca\/International\/wp-content\/uploads\/sites\/23\/2022\/01\/1640971696_article.jpg\" alt=\"Mohamed Derbel : Loi de finances 2022 : Soyons cl\u00e9ments mais exigeants !\" align=\"left\">Apr\u00e8s une grossesse difficile une loi de finances ou plut\u00f4t un d\u00e9cret-loi de finances vient de na\u00eetre 4 jours avant la fin d\u2019ann\u00e9e 2021. Apr\u00e8s le 25 juillet, on s\u2019attendait \u00e0 une loi qui ne ressemble pas \u00e0 ses s\u0153urs mais l\u2019air de famille saute aux yeux.<br \/>\nComme d\u2019habitude, \u00e0 la lecture des objectifs recherch\u00e9s tu vibres d\u2019impatience pour lire la disposition, mais trop vite tu es d\u00e9\u00e7u !<br \/>\nSi certaines dispositions \u00e9manent d\u2019une bonne intention de promouvoir et s\u2019ouvrir sur des secteurs jusque l\u00e0 ignor\u00e9s, d\u2019autres dispositions sont d\u00e9cal\u00e9es du contexte \u00e9conomique par leurs go\u00fbts d\u2019inachev\u00e9s.<br \/>\n\u00abEn l\u2019absence d\u2019une vision \u00e9conomique &amp; sociale &#8230;<\/p>\n<\/div>\n<p>Auteur:<br \/>\n<a href=\"https:\/\/www.leaders.com.tn\/article\/32830-mohamed-derbel-loi-de-finances-2022-soyons-clements-mais-exigeants\">Cliquez ici pour lire l&rsquo;article depuis sa source.<\/a><\/p>\n","protected":false},"excerpt":{"rendered":"<p>Apr\u00e8s une grossesse difficile une loi de finances ou plut\u00f4t un d\u00e9cret-loi de finances vient de na\u00eetre 4 jours avant la fin d\u2019ann\u00e9e 2021. Apr\u00e8s le 25 juillet, on s\u2019attendait \u00e0 une loi qui ne ressemble pas \u00e0 ses s\u0153urs mais l\u2019air de famille saute aux yeux. Comme d\u2019habitude, \u00e0 la lecture des objectifs recherch\u00e9s [&hellip;]<\/p>\n","protected":false},"author":1772,"featured_media":0,"comment_status":"closed","ping_status":"closed","sticky":false,"template":"","format":"standard","meta":{"fifu_image_url":"http:\/\/www.leaders.com.tn\/uploads\/content\/thumbnails_small\/1640971696_article.jpg","fifu_image_alt":"Mohamed Derbel - Loi de finances 2022 : Soyons cl\u00e9ments mais exigeants !","footnotes":""},"categories":[73,55],"tags":[],"class_list":["post-137478","post","type-post","status-publish","format-standard","hentry","category-actualite","category-tunisie"],"_links":{"self":[{"href":"https:\/\/linitiative.ca\/International\/wp-json\/wp\/v2\/posts\/137478","targetHints":{"allow":["GET"]}}],"collection":[{"href":"https:\/\/linitiative.ca\/International\/wp-json\/wp\/v2\/posts"}],"about":[{"href":"https:\/\/linitiative.ca\/International\/wp-json\/wp\/v2\/types\/post"}],"author":[{"embeddable":true,"href":"https:\/\/linitiative.ca\/International\/wp-json\/wp\/v2\/users\/1772"}],"replies":[{"embeddable":true,"href":"https:\/\/linitiative.ca\/International\/wp-json\/wp\/v2\/comments?post=137478"}],"version-history":[{"count":0,"href":"https:\/\/linitiative.ca\/International\/wp-json\/wp\/v2\/posts\/137478\/revisions"}],"wp:attachment":[{"href":"https:\/\/linitiative.ca\/International\/wp-json\/wp\/v2\/media?parent=137478"}],"wp:term":[{"taxonomy":"category","embeddable":true,"href":"https:\/\/linitiative.ca\/International\/wp-json\/wp\/v2\/categories?post=137478"},{"taxonomy":"post_tag","embeddable":true,"href":"https:\/\/linitiative.ca\/International\/wp-json\/wp\/v2\/tags?post=137478"}],"curies":[{"name":"wp","href":"https:\/\/api.w.org\/{rel}","templated":true}]}}