{"id":137482,"date":"2022-01-01T15:50:00","date_gmt":"2022-01-01T20:50:00","guid":{"rendered":"https:\/\/linitiative.ca\/International\/le-numero-de-janvier-de-leaders-les-propositions-des-patrons-pour-relancer-leconomie\/"},"modified":"2022-01-01T15:50:00","modified_gmt":"2022-01-01T20:50:00","slug":"le-numero-de-janvier-de-leaders-les-propositions-des-patrons-pour-relancer-leconomie","status":"publish","type":"post","link":"https:\/\/linitiative.ca\/International\/le-numero-de-janvier-de-leaders-les-propositions-des-patrons-pour-relancer-leconomie\/","title":{"rendered":"Le num\u00e9ro de janvier de Leaders : les propositions des patrons pour relancer l&rsquo;\u00e9conomie"},"content":{"rendered":"<div><img decoding=\"async\" src=\"https:\/\/linitiative.ca\/International\/wp-content\/uploads\/sites\/23\/2022\/01\/1641067489_article.jpg\" alt=\"Pr\u00e9sentation de Leaders 128 Janvier 2022\" align=\"left\">Pour boucler l&rsquo;ann\u00e9e, Leaders a\u00a0 choisi de donner la parole \u00e0 Samir Majoul au patron des patrons. La soixantaine,il est issu d&rsquo;une famille d&rsquo;industriels exer\u00e7ant dans le secteur des IAA. depuis des g\u00e9n\u00e9rations<br \/>\n\u00ab\u00a0Ayons de l&rsquo;ambition, soyons audacieux, prenons les d\u00e9cisions qui s&rsquo;imposent\u00a0\u00bb. D\u00e8s le d\u00e9but de l&rsquo;interview du pr\u00e9sident de l&rsquo;Utica le ton est donn\u00e9. \u00ab\u00a0Nous devons porter le taux de croissance \u00e0 5% si nous nous y mettons\u00a0\u00bb.Lib\u00e9rer les \u00e9nergies, renouvelables et la premi\u00e8re d&rsquo;ntre elles, l&rsquo;\u00e9nergie humaine, moderniser le change pour les entreprises et les particuliers, notamment les jeunes et le bicoin, mettre \u00e0 niveau nos infrastructures portuaires, logistiques &#8230;<\/p>\n<\/div>\n<p>Auteur:<br \/>\n<a href=\"https:\/\/www.leaders.com.tn\/article\/32825-le-numero-de-janvier-de-leaders-les-propositions-des-patrons-pour-relancer-l-economie\">Cliquez ici pour lire l&rsquo;article depuis sa source.<\/a><\/p>\n","protected":false},"excerpt":{"rendered":"<p>Pour boucler l&rsquo;ann\u00e9e, Leaders a\u00a0 choisi de donner la parole \u00e0 Samir Majoul au patron des patrons. La soixantaine,il est issu d&rsquo;une famille d&rsquo;industriels exer\u00e7ant dans le secteur des IAA. depuis des g\u00e9n\u00e9rations \u00ab\u00a0Ayons de l&rsquo;ambition, soyons audacieux, prenons les d\u00e9cisions qui s&rsquo;imposent\u00a0\u00bb. D\u00e8s le d\u00e9but de l&rsquo;interview du pr\u00e9sident de l&rsquo;Utica le ton est [&hellip;]<\/p>\n","protected":false},"author":1772,"featured_media":0,"comment_status":"closed","ping_status":"closed","sticky":false,"template":"","format":"standard","meta":{"fifu_image_url":"http:\/\/www.leaders.com.tn\/uploads\/content\/thumbnails_small\/1641067489_article.jpg","fifu_image_alt":"<div>Le num\u00e9ro de janvier de Leaders : les propositions des patrons pour relancer l'\u00e9conomie<\/div>","footnotes":""},"categories":[73,55],"tags":[],"class_list":["post-137482","post","type-post","status-publish","format-standard","hentry","category-actualite","category-tunisie"],"_links":{"self":[{"href":"https:\/\/linitiative.ca\/International\/wp-json\/wp\/v2\/posts\/137482","targetHints":{"allow":["GET"]}}],"collection":[{"href":"https:\/\/linitiative.ca\/International\/wp-json\/wp\/v2\/posts"}],"about":[{"href":"https:\/\/linitiative.ca\/International\/wp-json\/wp\/v2\/types\/post"}],"author":[{"embeddable":true,"href":"https:\/\/linitiative.ca\/International\/wp-json\/wp\/v2\/users\/1772"}],"replies":[{"embeddable":true,"href":"https:\/\/linitiative.ca\/International\/wp-json\/wp\/v2\/comments?post=137482"}],"version-history":[{"count":0,"href":"https:\/\/linitiative.ca\/International\/wp-json\/wp\/v2\/posts\/137482\/revisions"}],"wp:attachment":[{"href":"https:\/\/linitiative.ca\/International\/wp-json\/wp\/v2\/media?parent=137482"}],"wp:term":[{"taxonomy":"category","embeddable":true,"href":"https:\/\/linitiative.ca\/International\/wp-json\/wp\/v2\/categories?post=137482"},{"taxonomy":"post_tag","embeddable":true,"href":"https:\/\/linitiative.ca\/International\/wp-json\/wp\/v2\/tags?post=137482"}],"curies":[{"name":"wp","href":"https:\/\/api.w.org\/{rel}","templated":true}]}}