{"id":137485,"date":"2022-01-01T14:46:01","date_gmt":"2022-01-01T19:46:01","guid":{"rendered":"https:\/\/linitiative.ca\/International\/tunisie-prolongation-de-la-convention-entre-la-cnam-et-les-medecins-de-libre-pratique\/"},"modified":"2022-01-01T14:46:01","modified_gmt":"2022-01-01T19:46:01","slug":"tunisie-prolongation-de-la-convention-entre-la-cnam-et-les-medecins-de-libre-pratique","status":"publish","type":"post","link":"https:\/\/linitiative.ca\/International\/tunisie-prolongation-de-la-convention-entre-la-cnam-et-les-medecins-de-libre-pratique\/","title":{"rendered":"Tunisie \u2013 Prolongation de la convention entre la CNAM et les m\u00e9decins de libre pratique"},"content":{"rendered":"<div>\n<p>L\u2019accord portant prolongation pour une ann\u00e9e, \u00e0 partir du 27 novembre 2021, de la convention entre la CNAM et les m\u00e9decins de libre pratique, a \u00e9t\u00e9 publi\u00e9 sur la derni\u00e8re \u00e9dition du JORT.<\/p>\n<p>L\u2019article <a href=\"https:\/\/www.tunisienumerique.com\/tunisie-prolongation-de-la-convention-entre-la-cnam-et-les-medecins-de-libre-pratique\/\">Tunisie \u2013 Prolongation de la convention entre la CNAM et les m\u00e9decins de libre pratique<\/a> est apparu en premier sur <a href=\"https:\/\/www.tunisienumerique.com\/\">Tunisie<\/a>.<\/p>\n<\/div>\n<p>Auteur: LM<br \/>\n<a href=\"https:\/\/www.tunisienumerique.com\/tunisie-prolongation-de-la-convention-entre-la-cnam-et-les-medecins-de-libre-pratique\/\">Cliquez ici pour lire l&rsquo;article depuis sa source.<\/a><\/p>\n","protected":false},"excerpt":{"rendered":"<p>L\u2019accord portant prolongation pour une ann\u00e9e, \u00e0 partir du 27 novembre 2021, de la convention entre la CNAM et les m\u00e9decins de libre pratique, a \u00e9t\u00e9 publi\u00e9 sur la derni\u00e8re \u00e9dition du JORT. L\u2019article Tunisie \u2013 Prolongation de la convention entre la CNAM et les m\u00e9decins de libre pratique est apparu en premier sur Tunisie. [&hellip;]<\/p>\n","protected":false},"author":1789,"featured_media":0,"comment_status":"closed","ping_status":"closed","sticky":false,"template":"","format":"standard","meta":{"fifu_image_url":"","fifu_image_alt":"","footnotes":""},"categories":[73,55],"tags":[],"class_list":["post-137485","post","type-post","status-publish","format-standard","hentry","category-actualite","category-tunisie"],"_links":{"self":[{"href":"https:\/\/linitiative.ca\/International\/wp-json\/wp\/v2\/posts\/137485","targetHints":{"allow":["GET"]}}],"collection":[{"href":"https:\/\/linitiative.ca\/International\/wp-json\/wp\/v2\/posts"}],"about":[{"href":"https:\/\/linitiative.ca\/International\/wp-json\/wp\/v2\/types\/post"}],"author":[{"embeddable":true,"href":"https:\/\/linitiative.ca\/International\/wp-json\/wp\/v2\/users\/1789"}],"replies":[{"embeddable":true,"href":"https:\/\/linitiative.ca\/International\/wp-json\/wp\/v2\/comments?post=137485"}],"version-history":[{"count":0,"href":"https:\/\/linitiative.ca\/International\/wp-json\/wp\/v2\/posts\/137485\/revisions"}],"wp:attachment":[{"href":"https:\/\/linitiative.ca\/International\/wp-json\/wp\/v2\/media?parent=137485"}],"wp:term":[{"taxonomy":"category","embeddable":true,"href":"https:\/\/linitiative.ca\/International\/wp-json\/wp\/v2\/categories?post=137485"},{"taxonomy":"post_tag","embeddable":true,"href":"https:\/\/linitiative.ca\/International\/wp-json\/wp\/v2\/tags?post=137485"}],"curies":[{"name":"wp","href":"https:\/\/api.w.org\/{rel}","templated":true}]}}