{"id":137486,"date":"2022-01-01T15:09:17","date_gmt":"2022-01-01T20:09:17","guid":{"rendered":"https:\/\/linitiative.ca\/International\/pas-de-serie-b-pour-salernitana-et-kechrida\/"},"modified":"2022-01-01T15:09:17","modified_gmt":"2022-01-01T20:09:17","slug":"pas-de-serie-b-pour-salernitana-et-kechrida","status":"publish","type":"post","link":"https:\/\/linitiative.ca\/International\/pas-de-serie-b-pour-salernitana-et-kechrida\/","title":{"rendered":"Pas de Serie B pour Salernitana et Kechrida"},"content":{"rendered":"<div>\n<p>\u201cC\u2019est avec une grande \u00e9motion que j\u2019annonce avoir fait l\u2019acquisition de la Salernitana 1919\u201d. C\u2019est la d\u00e9claration la plus attendue des supporters de l\u2019Unione Sportiva Salernitana, en ce d\u00e9but de 2022. C\u2019est ce qu\u2019a fait savoir et confirm\u00e9 le nouvel acqu\u00e9reur de la salernitana, Daniele Iervolino, qui succ\u00e8dera \u00e0 Claudio Lotito, \u00e9galement \u00e0 la t\u00eate [\u2026]<\/p>\n<p>L\u2019article <a href=\"https:\/\/sport.tunisienumerique.com\/pas-de-serie-b-pour-salernitana-et-kechrida\/\">Pas de Serie B pour Salernitana et Kechrida<\/a> est apparu en premier sur <a href=\"https:\/\/www.tunisienumerique.com\/\">Tunisie<\/a>.<\/p>\n<\/div>\n<p>Auteur: Hamza Ben Khlifa<br \/>\n<a href=\"https:\/\/sport.tunisienumerique.com\/pas-de-serie-b-pour-salernitana-et-kechrida\/\">Cliquez ici pour lire l&rsquo;article depuis sa source.<\/a><\/p>\n","protected":false},"excerpt":{"rendered":"<p>\u201cC\u2019est avec une grande \u00e9motion que j\u2019annonce avoir fait l\u2019acquisition de la Salernitana 1919\u201d. C\u2019est la d\u00e9claration la plus attendue des supporters de l\u2019Unione Sportiva Salernitana, en ce d\u00e9but de 2022. C\u2019est ce qu\u2019a fait savoir et confirm\u00e9 le nouvel acqu\u00e9reur de la salernitana, Daniele Iervolino, qui succ\u00e8dera \u00e0 Claudio Lotito, \u00e9galement \u00e0 la t\u00eate [&hellip;]<\/p>\n","protected":false},"author":1789,"featured_media":0,"comment_status":"closed","ping_status":"closed","sticky":false,"template":"","format":"standard","meta":{"fifu_image_url":"","fifu_image_alt":"","footnotes":""},"categories":[73,55],"tags":[],"class_list":["post-137486","post","type-post","status-publish","format-standard","hentry","category-actualite","category-tunisie"],"_links":{"self":[{"href":"https:\/\/linitiative.ca\/International\/wp-json\/wp\/v2\/posts\/137486","targetHints":{"allow":["GET"]}}],"collection":[{"href":"https:\/\/linitiative.ca\/International\/wp-json\/wp\/v2\/posts"}],"about":[{"href":"https:\/\/linitiative.ca\/International\/wp-json\/wp\/v2\/types\/post"}],"author":[{"embeddable":true,"href":"https:\/\/linitiative.ca\/International\/wp-json\/wp\/v2\/users\/1789"}],"replies":[{"embeddable":true,"href":"https:\/\/linitiative.ca\/International\/wp-json\/wp\/v2\/comments?post=137486"}],"version-history":[{"count":0,"href":"https:\/\/linitiative.ca\/International\/wp-json\/wp\/v2\/posts\/137486\/revisions"}],"wp:attachment":[{"href":"https:\/\/linitiative.ca\/International\/wp-json\/wp\/v2\/media?parent=137486"}],"wp:term":[{"taxonomy":"category","embeddable":true,"href":"https:\/\/linitiative.ca\/International\/wp-json\/wp\/v2\/categories?post=137486"},{"taxonomy":"post_tag","embeddable":true,"href":"https:\/\/linitiative.ca\/International\/wp-json\/wp\/v2\/tags?post=137486"}],"curies":[{"name":"wp","href":"https:\/\/api.w.org\/{rel}","templated":true}]}}